{"id":1007,"date":"2018-09-01T15:38:16","date_gmt":"2018-09-01T13:38:16","guid":{"rendered":"https:\/\/buendnis-inklusion.de\/?p=1007"},"modified":"2018-09-06T22:16:04","modified_gmt":"2018-09-06T20:16:04","slug":"das-buendnis-fuer-schulische-inklusion-veranstaltet-einen-fachtag-fuer-inklusion-im-chemieunterricht-am-20-oktober-2018","status":"publish","type":"post","link":"https:\/\/buendnis-inklusion.de\/?p=1007","title":{"rendered":"Das B\u00fcndnis f\u00fcr schulische Inklusion veranstaltet einen Fachtag f\u00fcr Inklusion im Chemieunterricht am 20. Oktober 2018"},"content":{"rendered":"<p>Das B\u00fcndnis f\u00fcr schulische Inklusion veranstaltet zusammen mit dem Landesinstitut f\u00fcr Lehrerbildung und der Stadtteilschule Alter Teichweg einen Fachtag f\u00fcr Inklusion im Chemieunterricht am 20. Oktober 2018.<\/p>\n<p>Im Mittelpunkt des Fachtags werden unterrichtsmethodische Ans\u00e4tze und Praxisbeispiele f\u00fcr den inklusiven Chemieunterricht stehen, die in Workshops f\u00fcr die Anwendung im eigenen Unterricht angepasst und weiter entwickelt werden sollen.<\/p>\n<p>Im ersten Teil des Tages werden Vortr\u00e4ge von Prof. Abels der Universit\u00e4t L\u00fcneburg und von Frau Marxsen und Herrn Harstark zur inklusiven Unterrichtsgestaltung aus der Forschung und Praxis stehen. F\u00fcr den zweiten Teil, kann man sich in verschiedenen Workshops zum Thema inklusive Chemie-Unterrichtsentwicklung weiterbilden:<\/p>\n<p><strong>Workshop 1-01:\u00a0<\/strong><strong style=\"font-size: 1rem;\">Tatort Chemieraum\u00a0 &#8211; von Salzen bis zum Atommodell (Klasse 8 &amp; 9)<\/strong><\/p>\n<p><strong>Workshop 1-02<\/strong>:\u00a0<strong>Teamarbeit und Feedback hilft\u00a0 &#8211; von einer Detektivgeschichte und chemischen Untersuchungen<\/strong><\/p>\n<p><strong>\u00a0<\/strong><strong>Workshop 1-03:\u00a0<\/strong><strong>Inklusive Unterrichtsplanung Schritt f\u00fcr Schritt \u2013 Vom Erd\u00f6l bis zum Plastik im Meer<\/strong><\/p>\n<p>Hier geht es zu weiteren Informationen:\u00a0<a href=\"https:\/\/buendnis-inklusion.de\/wp-content\/uploads\/2018\/09\/Fachtag-Inklusion-im-Chemieunterricht.pdf\">Fachtag Inklusion im Chemieunterricht<\/a><\/p>\n<p><a href=\"https:\/\/buendnis-inklusion.de\/wp-content\/uploads\/2018\/09\/EINLADUNG-zur-Fachtagung-Inklusiver-Chemieunterricht.pdf\">Einladung zur Fachtagung Inklusiver Chemieunterricht<\/a><\/p>\n<p>Hier geht es zur Anmeldung:\u00a0<a href=\"https:\/\/buendnis-inklusion.de\/wp-content\/uploads\/2018\/09\/LI_Fachtag_InklChemie_Faxanmeldung.pdf\">LI_Fachtag_InklChemie_Faxanmeldung<\/a><\/p>\n<p>&nbsp;<\/p>\n","protected":false},"excerpt":{"rendered":"<p>Das B\u00fcndnis f\u00fcr schulische Inklusion veranstaltet zusammen mit dem Landesinstitut f\u00fcr Lehrerbildung und der Stadtteilschule Alter Teichweg einen Fachtag f\u00fcr Inklusion im Chemieunterricht am 20. Oktober 2018. Im Mittelpunkt des Fachtags werden unterrichtsmethodische Ans\u00e4tze und Praxisbeispiele f\u00fcr den inklusiven Chemieunterricht stehen, die in Workshops f\u00fcr die Anwendung im eigenen Unterricht angepasst und weiter entwickelt werden [&hellip;]<\/p>\n","protected":false},"author":1,"featured_media":0,"comment_status":"open","ping_status":"open","sticky":false,"template":"","format":"standard","meta":{"footnotes":""},"categories":[1],"tags":[26,27,3,25],"_links":{"self":[{"href":"https:\/\/buendnis-inklusion.de\/index.php?rest_route=\/wp\/v2\/posts\/1007"}],"collection":[{"href":"https:\/\/buendnis-inklusion.de\/index.php?rest_route=\/wp\/v2\/posts"}],"about":[{"href":"https:\/\/buendnis-inklusion.de\/index.php?rest_route=\/wp\/v2\/types\/post"}],"author":[{"embeddable":true,"href":"https:\/\/buendnis-inklusion.de\/index.php?rest_route=\/wp\/v2\/users\/1"}],"replies":[{"embeddable":true,"href":"https:\/\/buendnis-inklusion.de\/index.php?rest_route=%2Fwp%2Fv2%2Fcomments&post=1007"}],"version-history":[{"count":4,"href":"https:\/\/buendnis-inklusion.de\/index.php?rest_route=\/wp\/v2\/posts\/1007\/revisions"}],"predecessor-version":[{"id":1020,"href":"https:\/\/buendnis-inklusion.de\/index.php?rest_route=\/wp\/v2\/posts\/1007\/revisions\/1020"}],"wp:attachment":[{"href":"https:\/\/buendnis-inklusion.de\/index.php?rest_route=%2Fwp%2Fv2%2Fmedia&parent=1007"}],"wp:term":[{"taxonomy":"category","embeddable":true,"href":"https:\/\/buendnis-inklusion.de\/index.php?rest_route=%2Fwp%2Fv2%2Fcategories&post=1007"},{"taxonomy":"post_tag","embeddable":true,"href":"https:\/\/buendnis-inklusion.de\/index.php?rest_route=%2Fwp%2Fv2%2Ftags&post=1007"}],"curies":[{"name":"wp","href":"https:\/\/api.w.org\/{rel}","templated":true}]}}