{"id":1021,"date":"2018-09-06T22:25:25","date_gmt":"2018-09-06T20:25:25","guid":{"rendered":"https:\/\/buendnis-inklusion.de\/?p=1021"},"modified":"2018-10-06T13:17:07","modified_gmt":"2018-10-06T11:17:07","slug":"hamburger-fachtagung-zur-inklusion-von-schuelerinnen-mit-dem-foerderschwerpunkt-lernen","status":"publish","type":"post","link":"https:\/\/buendnis-inklusion.de\/?p=1021","title":{"rendered":"Hamburger Fachtagung zur Inklusion von Sch\u00fclerInnen mit dem F\u00f6rderschwerpunkt Lernen"},"content":{"rendered":"<p>Das Hamburger B\u00fcndnis f\u00fcr schulische Inklusion l\u00e4dt zur vierten Fachtagung<strong> am 16.\/17. November 2018 in das Landesinstitut f\u00fcr Lehrerbildung und Schulentwicklung in Hamburg<\/strong> ein.<\/p>\n<p>Diese Tagung steht unter der Schirmherrschaft von Frau Ingrid K\u00f6rner, Senatskoordinatorin f\u00fcr die Gleichstellung behinderter Menschen und wird in Kooperation mit dem Landesinstitut f\u00fcr Lehrerbildung und Schulentwicklung, der GEW, der Patriotische Gesellschaft von 1765<br \/>\nund Landesarbeitsgemeinschaft Eltern f\u00fcr Inklusion e.V. durchgef\u00fchrt.\u00a0Sie richtet sich an P\u00e4dagogInnen und Eltern. Die Teilnahme ist kostenlos.<\/p>\n<p>Im Mittelpunkt stehen\u00a0Forschungsergebnisse, Konzepte und Praxisbeispiele aus inklusiven Schulen, wie\u00a0Kinder mit\u00a0dem F\u00f6rderschwerpunkt Lernen gemeinsam mit anderen\u00a0Sch\u00fcler\/innen zusammen lernen und ihre Potentiale entfalten k\u00f6nnen.<\/p>\n<p>Hier eine Vorschau auf das Programm:\u00a0\u00a0<a href=\"https:\/\/buendnis-inklusion.de\/wp-content\/uploads\/2018\/09\/Programmheft_4.-Fachtagung_Inklusion_2018.pdf\">Programm der Fachtagung 2018 &#8211; F\u00f6rderschwerpunkt Lernen<\/a><\/p>\n<p>Die Anmeldung f\u00fcr Teilnehmende, die keine Hamburger Lehrkr\u00e4fte sind, erfolgt mit dem Anmeldeformular:\u00a0<a href=\"https:\/\/buendnis-inklusion.de\/wp-content\/uploads\/2018\/09\/download-pdf-tagung-inklusion-fax-anmeldung-externe.pdf\">Anmeldeformular<\/a>\u00a0(f\u00fcr Nicht-Lehrkr\u00e4fte).<\/p>\n<p>Dieses per Mail an armin.ludwig@li-hamburg.de oder per Fax an 040\/427314278 senden. Der Teilnahmebetrag betr\u00e4gt 10 Euro.<\/p>\n<p>Hamburger Lehrkr\u00e4fte melden sich bitte \u00fcber TIS zu dieser Tagung an. Der Teilnahmebetrag wird der jeweiligen Schule in Rechnung gestellt.<\/p>\n","protected":false},"excerpt":{"rendered":"<p>Das Hamburger B\u00fcndnis f\u00fcr schulische Inklusion l\u00e4dt zur vierten Fachtagung am 16.\/17. November 2018 in das Landesinstitut f\u00fcr Lehrerbildung und Schulentwicklung in Hamburg ein. Diese Tagung steht unter der Schirmherrschaft von Frau Ingrid K\u00f6rner, Senatskoordinatorin f\u00fcr die Gleichstellung behinderter Menschen und wird in Kooperation mit dem Landesinstitut f\u00fcr Lehrerbildung und Schulentwicklung, der GEW, der Patriotische [&hellip;]<\/p>\n","protected":false},"author":1,"featured_media":0,"comment_status":"open","ping_status":"open","sticky":false,"template":"","format":"standard","meta":{"footnotes":""},"categories":[1],"tags":[18,19,3],"_links":{"self":[{"href":"https:\/\/buendnis-inklusion.de\/index.php?rest_route=\/wp\/v2\/posts\/1021"}],"collection":[{"href":"https:\/\/buendnis-inklusion.de\/index.php?rest_route=\/wp\/v2\/posts"}],"about":[{"href":"https:\/\/buendnis-inklusion.de\/index.php?rest_route=\/wp\/v2\/types\/post"}],"author":[{"embeddable":true,"href":"https:\/\/buendnis-inklusion.de\/index.php?rest_route=\/wp\/v2\/users\/1"}],"replies":[{"embeddable":true,"href":"https:\/\/buendnis-inklusion.de\/index.php?rest_route=%2Fwp%2Fv2%2Fcomments&post=1021"}],"version-history":[{"count":5,"href":"https:\/\/buendnis-inklusion.de\/index.php?rest_route=\/wp\/v2\/posts\/1021\/revisions"}],"predecessor-version":[{"id":1032,"href":"https:\/\/buendnis-inklusion.de\/index.php?rest_route=\/wp\/v2\/posts\/1021\/revisions\/1032"}],"wp:attachment":[{"href":"https:\/\/buendnis-inklusion.de\/index.php?rest_route=%2Fwp%2Fv2%2Fmedia&parent=1021"}],"wp:term":[{"taxonomy":"category","embeddable":true,"href":"https:\/\/buendnis-inklusion.de\/index.php?rest_route=%2Fwp%2Fv2%2Fcategories&post=1021"},{"taxonomy":"post_tag","embeddable":true,"href":"https:\/\/buendnis-inklusion.de\/index.php?rest_route=%2Fwp%2Fv2%2Ftags&post=1021"}],"curies":[{"name":"wp","href":"https:\/\/api.w.org\/{rel}","templated":true}]}}