{"id":104,"date":"2014-12-16T22:07:14","date_gmt":"2014-12-16T20:07:14","guid":{"rendered":"http:\/\/buendnis-inklusion.de\/?p=104"},"modified":"2015-01-22T14:10:04","modified_gmt":"2015-01-22T12:10:04","slug":"wie-versprochen-so-gebrochen","status":"publish","type":"post","link":"https:\/\/buendnis-inklusion.de\/?p=104","title":{"rendered":"Wie versprochen \u2013 so gebrochen"},"content":{"rendered":"<p><a href=\"http:\/\/buendnis-inklusion.de\/wp-content\/uploads\/2014\/04\/buendnis-logo-e1416817811594.png\"><img loading=\"lazy\" decoding=\"async\" class=\"alignleft size-thumbnail wp-image-4\" src=\"http:\/\/buendnis-inklusion.de\/wp-content\/uploads\/2014\/04\/buendnis-logo-150x150.png\" alt=\"buendnis-logo\" width=\"150\" height=\"150\" \/><\/a>\u201eDas Wahlprogramm ist komplett umgesetzt. Wir halten, was wir versprechen\u201c, sagte Olaf Scholz am 13.12.14 auf dem SPD-Landesparteitag . Das Hamburger B\u00fcndnis f\u00fcr schulische Inklusion stellt in einer <a title=\"Wahlversprechen der Regierungspartei zur schulischen  Inklusion\" href=\"http:\/\/buendnis-inklusion.de\/?p=110\">Presseerkl\u00e4rung <\/a>fest: Beim Thema schulische Inklusion ist das genaue Gegenteil der Fall.<\/p>\n<p>In dem SPD-Wahlprogramm von 2011 hei\u00dft es, dass \u201enach dem Vorbild der seit Jahren erfolgreichen <i>Integrationsklassen<\/i> und der <i>integrativen Regelklassen <\/i> weitere Angebote geschaffen werden sollen\u201c. Statt diese erfolgreichen und bundesweit vorbildlichen Modelle des gemeinsamen Lernens von Sch\u00fclern mit und ohne sonderp\u00e4dagogischen F\u00f6rderbedarf auszuweiten, wurden sie abgeschafft. Sie wurden durch personell unzureichend ausgestattete inklusive Modelle ersetzt. (<a title=\"Wahlversprechen der Regierungspartei zur schulischen  Inklusion\" href=\"http:\/\/buendnis-inklusion.de\/?p=110\">zur Presseerkl\u00e4rung<\/a>)<\/p>\n<p>Wir wehren uns: mit einer<\/p>\n<h2>Podiumsdiskussion am 08.01.15 (<a title=\"Podiumsdiskussion und Demo\" href=\"http:\/\/buendnis-inklusion.de\/?p=119\">mehr Info hier<\/a>)<\/h2>\n<p>und einer<\/p>\n<h2>Demonstration am 26.01.15 (<a title=\"Podiumsdiskussion und Demo\" href=\"http:\/\/buendnis-inklusion.de\/?p=119\">mehr Info hier<\/a>)!<\/h2>\n","protected":false},"excerpt":{"rendered":"<p>\u201eDas Wahlprogramm ist komplett umgesetzt. Wir halten, was wir versprechen\u201c, sagte Olaf Scholz am 13.12.14 auf dem SPD-Landesparteitag . Das Hamburger B\u00fcndnis f\u00fcr schulische Inklusion stellt in einer Presseerkl\u00e4rung fest: Beim Thema schulische Inklusion ist das genaue Gegenteil der Fall. In dem SPD-Wahlprogramm von 2011 hei\u00dft es, dass \u201enach dem Vorbild der seit Jahren erfolgreichen [&hellip;]<\/p>\n","protected":false},"author":1,"featured_media":0,"comment_status":"open","ping_status":"open","sticky":false,"template":"","format":"standard","meta":{"footnotes":""},"categories":[1],"tags":[4,5,3,13],"_links":{"self":[{"href":"https:\/\/buendnis-inklusion.de\/index.php?rest_route=\/wp\/v2\/posts\/104"}],"collection":[{"href":"https:\/\/buendnis-inklusion.de\/index.php?rest_route=\/wp\/v2\/posts"}],"about":[{"href":"https:\/\/buendnis-inklusion.de\/index.php?rest_route=\/wp\/v2\/types\/post"}],"author":[{"embeddable":true,"href":"https:\/\/buendnis-inklusion.de\/index.php?rest_route=\/wp\/v2\/users\/1"}],"replies":[{"embeddable":true,"href":"https:\/\/buendnis-inklusion.de\/index.php?rest_route=%2Fwp%2Fv2%2Fcomments&post=104"}],"version-history":[{"count":8,"href":"https:\/\/buendnis-inklusion.de\/index.php?rest_route=\/wp\/v2\/posts\/104\/revisions"}],"predecessor-version":[{"id":239,"href":"https:\/\/buendnis-inklusion.de\/index.php?rest_route=\/wp\/v2\/posts\/104\/revisions\/239"}],"wp:attachment":[{"href":"https:\/\/buendnis-inklusion.de\/index.php?rest_route=%2Fwp%2Fv2%2Fmedia&parent=104"}],"wp:term":[{"taxonomy":"category","embeddable":true,"href":"https:\/\/buendnis-inklusion.de\/index.php?rest_route=%2Fwp%2Fv2%2Fcategories&post=104"},{"taxonomy":"post_tag","embeddable":true,"href":"https:\/\/buendnis-inklusion.de\/index.php?rest_route=%2Fwp%2Fv2%2Ftags&post=104"}],"curies":[{"name":"wp","href":"https:\/\/api.w.org\/{rel}","templated":true}]}}