{"id":1073,"date":"2022-02-09T12:52:07","date_gmt":"2022-02-09T10:52:07","guid":{"rendered":"https:\/\/buendnis-inklusion.de\/?p=1073"},"modified":"2022-05-25T17:50:54","modified_gmt":"2022-05-25T15:50:54","slug":"dirk-abschaffen-inklusion-verbessern","status":"publish","type":"post","link":"https:\/\/buendnis-inklusion.de\/?p=1073","title":{"rendered":"&#8222;DirK abschaffen &#8211; Inklusion verbessern&#8220;"},"content":{"rendered":"\n<p>Initiative des Hamburger B\u00fcndnisses f\u00fcr schulische Inklusion<\/p>\n\n\n\n<p>Eine Arbeitsgruppe von Vertreter*innen zivilgesellschaftlicher Organisationen aus der Schulpraxis und den Wissenschaftlern Rauer und Schuck der Universit\u00e4t Hamburg fordert die Abschaffung des Verfahrens &#8222;DirK&#8220; und die Wiedereinf\u00fchrung einer systemischen Ressourcenvergabe f\u00fcr die Stadtteilschulen.<\/p>\n\n\n\n<p><a href=\"https:\/\/buendnis-inklusion.de\/?page_id=1086\" data-type=\"page\" data-id=\"1086\">Stellungnahme &#8222;Abschaffung der LSE-Feststellungsdiagnostik und Vorschlag zu einer systemischen Verteilung dieser Ressourcen &#8211; Inklusion verbessern!&#8220;<\/a><\/p>\n\n\n\n<p><\/p>\n","protected":false},"excerpt":{"rendered":"<p>Initiative des Hamburger B\u00fcndnisses f\u00fcr schulische Inklusion Eine Arbeitsgruppe von Vertreter*innen zivilgesellschaftlicher Organisationen aus der Schulpraxis und den Wissenschaftlern Rauer und Schuck der Universit\u00e4t Hamburg fordert die Abschaffung des Verfahrens &#8222;DirK&#8220; und die Wiedereinf\u00fchrung einer systemischen Ressourcenvergabe f\u00fcr die Stadtteilschulen. Stellungnahme &#8222;Abschaffung der LSE-Feststellungsdiagnostik und Vorschlag zu einer systemischen Verteilung dieser Ressourcen &#8211; Inklusion verbessern!&#8220;<\/p>\n","protected":false},"author":802,"featured_media":0,"comment_status":"open","ping_status":"open","sticky":false,"template":"","format":"standard","meta":{"footnotes":""},"categories":[1],"tags":[],"_links":{"self":[{"href":"https:\/\/buendnis-inklusion.de\/index.php?rest_route=\/wp\/v2\/posts\/1073"}],"collection":[{"href":"https:\/\/buendnis-inklusion.de\/index.php?rest_route=\/wp\/v2\/posts"}],"about":[{"href":"https:\/\/buendnis-inklusion.de\/index.php?rest_route=\/wp\/v2\/types\/post"}],"author":[{"embeddable":true,"href":"https:\/\/buendnis-inklusion.de\/index.php?rest_route=\/wp\/v2\/users\/802"}],"replies":[{"embeddable":true,"href":"https:\/\/buendnis-inklusion.de\/index.php?rest_route=%2Fwp%2Fv2%2Fcomments&post=1073"}],"version-history":[{"count":9,"href":"https:\/\/buendnis-inklusion.de\/index.php?rest_route=\/wp\/v2\/posts\/1073\/revisions"}],"predecessor-version":[{"id":1091,"href":"https:\/\/buendnis-inklusion.de\/index.php?rest_route=\/wp\/v2\/posts\/1073\/revisions\/1091"}],"wp:attachment":[{"href":"https:\/\/buendnis-inklusion.de\/index.php?rest_route=%2Fwp%2Fv2%2Fmedia&parent=1073"}],"wp:term":[{"taxonomy":"category","embeddable":true,"href":"https:\/\/buendnis-inklusion.de\/index.php?rest_route=%2Fwp%2Fv2%2Fcategories&post=1073"},{"taxonomy":"post_tag","embeddable":true,"href":"https:\/\/buendnis-inklusion.de\/index.php?rest_route=%2Fwp%2Fv2%2Ftags&post=1073"}],"curies":[{"name":"wp","href":"https:\/\/api.w.org\/{rel}","templated":true}]}}