{"id":110,"date":"2014-12-16T21:00:40","date_gmt":"2014-12-16T19:00:40","guid":{"rendered":"http:\/\/buendnis-inklusion.de\/?p=110"},"modified":"2015-12-03T14:23:32","modified_gmt":"2015-12-03T12:23:32","slug":"wahlversprechen-zur-schulischen-inklusion","status":"publish","type":"post","link":"https:\/\/buendnis-inklusion.de\/?p=110","title":{"rendered":"Wahlversprechen der Regierungspartei zur schulischen  Inklusion"},"content":{"rendered":"<p><a href=\"http:\/\/buendnis-inklusion.de\/wp-content\/uploads\/2014\/04\/buendnis-logo-e1416817811594.png\"><img loading=\"lazy\" decoding=\"async\" class=\"alignleft size-full wp-image-4\" src=\"http:\/\/buendnis-inklusion.de\/wp-content\/uploads\/2014\/04\/buendnis-logo-e1416817811594.png\" alt=\"buendnis-logo\" width=\"162\" height=\"155\" \/><\/a><\/p>\n<p><span style=\"font-size: large;\"><b>Wie versprochen \u2013 so gebrochen <\/b><\/span><a href=\"http:\/\/buendnis-inklusion.de\/wp-content\/uploads\/2014\/12\/PM_Gebrochen_Dez_14.pdf\">(pdf)<\/a><\/p>\n<p>Das Wahlprogramm ist komplett umgesetzt. Wir halten, was wir versprechen\u201c, sagte Olaf Scholz am 13.12.14 auf dem SPD-Landesparteitag .<\/p>\n<p>Beim Thema schulische Inklusion ist das genaue Gegenteil der Fall. In dem SPD-Wahlprogramm von 2011 hei\u00dft es, dass \u201enach dem Vorbild der seit Jahren erfolgreichen <i>Integrationsklassen<\/i> und der <i>integrativen Regelklassen <\/i> weitere Angebote geschaffen werden sollen\u201c.<\/p>\n<p>Statt diese erfolgreichen und bundesweit vorbildlichen Modelle des gemeinsamen Lernens von Sch\u00fclern mit und ohne sonderp\u00e4dagogischen F\u00f6rderbedarf auszuweiten, wurden sie abgeschafft. Sie wurden durch personell unzureichend ausgestattete inklusive Modelle ersetzt.<\/p>\n<p><span style=\"font-size: large;\"><b>Die Betroffenen werden aktiv und wehren sich<\/b><\/span><!--more--><\/p>\n<p>Das <i>Hamburger B\u00fcndnis f\u00fcr schulische Inklusion<\/i>, bestehend aus 23 Organisationen von Elternvereinen, Gewerkschaften bis zur Eltern-, Sch\u00fcler- und Lehrerkammer setzt sich daf\u00fcr ein, dass die Inklusion ins Zentrum von Schule und Bildungspolitik r\u00fcckt und endlich die Rahmenbedingungen f\u00fcr gelingende Inklusion geschaffen werden.<\/p>\n<p>Deshalb veranstaltet das B\u00fcndnis am <em><strong>Do 8.1.15<\/strong><\/em> eine <em><strong>Podiumsdiskussion<\/strong><\/em> mit Senator Rabe und der bildungspolitischen Sprecherin der GR\u00dcNEN Frau von Berg um 17-19 Uhr in der Aula des Landesinstitutes, Felix-Dahn-Stra\u00dfe 3.<\/p>\n<p>Am <em><strong>Mo 26.1.15<\/strong><\/em> findet eine <em><strong>Demonstration<\/strong><\/em> statt &#8211; Beginn 17 Uhr am Dammtor, Ende 18.30 Uhr am Rathausmarkt &#8211; unter dem Motto:<\/p>\n<p><span style=\"font-size: large;\"><b>Inklusion braucht mehr \u2013 mehr Personal, mehr R\u00e4ume, mehr Sachmittel<\/b><\/span><\/p>\n<p><span style=\"text-decoration: underline;\">Koordinierungsgruppe <\/span><i><span style=\"text-decoration: underline;\">Hamburger B\u00fcndnis f\u00fcr schulische Inklusion<\/span><\/i><\/p>\n<p>Pit Katzer <a href=\"mailto:Pit.Katzer@t-online.de\"><span style=\"color: #0066cc;\">Pit.Katzer@t-online.de<\/span><\/a> 01782140462<\/p>\n<p>Jenny Prei\u00df <span style=\"color: #0066cc;\">jennypreiss@posteo.de<\/span> 017625447608<\/p>\n<p>Babette Radke <span style=\"color: #0000ff;\"><a href=\"mailto:babette.radke@kidshamburg.de\"><span style=\"color: #0066cc;\">babette.radke@kidshamburg.de<\/span><\/a> <\/span>01639277631<\/p>\n<p>Uwe Stiehler <span style=\"color: #0000ff;\"><a href=\"mailto:Stiehler-Hamburg@t-online.de\"><span style=\"color: #0066cc;\">Stiehler-Hamburg@t-online.de<\/span><\/a> <\/span>01602644272<\/p>\n<p align=\"CENTER\"><span style=\"font-size: small;\"><span style=\"text-decoration: underline;\">Das <\/span><\/span><span style=\"font-size: small;\"><i><span style=\"text-decoration: underline;\">Hamburger B\u00fcndnis f\u00fcr schulische Inklusion<\/span><\/i><\/span><span style=\"font-size: small;\"><span style=\"text-decoration: underline;\"> wird getragen von<\/span><\/span><\/p>\n<p align=\"JUSTIFY\"><span style=\"color: #000000;\"><span style=\"font-size: small;\">ASBH &#8211; Arbeitsgemeinschaft Spina bifida und Hydrocephalus Hamburg e.V., Autismus Hamburg e.V., DGB &#8211; Deutscher Gewerkschaftsbund Hamburg, Eine Schule f\u00fcr Alle e.V., ElbschulEltern, Elternkammer Hamburg, Eltern-Netzwerk &#8222;Vernetzung Inklusion&#8220;, Elternverein Hamburg e.V., Evangelische Stiftung Alsterdorf, Geh\u00f6rlosenverband Hamburg e.V., GEW &#8211; Gewerkschaft Erziehung und Wissenschaft, GEST \u2013 Gemeinschaft der Elternr\u00e4te an Stadtteilschulen in Hamburg, GGG &#8211; Verband f\u00fcr Schulen des gemeinsamen Lernens, Grundschulverband e.V. Landesgruppe Hamburg, KIDS Hamburg e.V. Kontakt-und Informationszentrum Down-Syndrom, Kinderwelt Hamburg e.V., Landesarbeitsgemeinschaft Eltern f\u00fcr Inklusion e.V., Lehrerkammer Hamburg, Sch\u00fclerkammer Hamburg, Vereinigung der Schulleiter\/innen der Stadtteilschulen in Hamburg, VIHS &#8211; Verband Inklusion\u00a0an Hamburger Schulen e.V., ver.di Hamburg \u2013 Fachbereiche Bund, L\u00e4nder und Gemeinden, VHS \u2013 Verband Hamburger Schulleitungen<\/span><\/span><\/p>\n<p>&nbsp;<\/p>\n","protected":false},"excerpt":{"rendered":"<p>Wie versprochen \u2013 so gebrochen (pdf) Das Wahlprogramm ist komplett umgesetzt. Wir halten, was wir versprechen\u201c, sagte Olaf Scholz am 13.12.14 auf dem SPD-Landesparteitag . Beim Thema schulische Inklusion ist das genaue Gegenteil der Fall. In dem SPD-Wahlprogramm von 2011 hei\u00dft es, dass \u201enach dem Vorbild der seit Jahren erfolgreichen Integrationsklassen und der integrativen Regelklassen [&hellip;]<\/p>\n","protected":false},"author":1,"featured_media":0,"comment_status":"open","ping_status":"open","sticky":false,"template":"","format":"standard","meta":{"footnotes":""},"categories":[1],"tags":[7,8,13],"_links":{"self":[{"href":"https:\/\/buendnis-inklusion.de\/index.php?rest_route=\/wp\/v2\/posts\/110"}],"collection":[{"href":"https:\/\/buendnis-inklusion.de\/index.php?rest_route=\/wp\/v2\/posts"}],"about":[{"href":"https:\/\/buendnis-inklusion.de\/index.php?rest_route=\/wp\/v2\/types\/post"}],"author":[{"embeddable":true,"href":"https:\/\/buendnis-inklusion.de\/index.php?rest_route=\/wp\/v2\/users\/1"}],"replies":[{"embeddable":true,"href":"https:\/\/buendnis-inklusion.de\/index.php?rest_route=%2Fwp%2Fv2%2Fcomments&post=110"}],"version-history":[{"count":9,"href":"https:\/\/buendnis-inklusion.de\/index.php?rest_route=\/wp\/v2\/posts\/110\/revisions"}],"predecessor-version":[{"id":426,"href":"https:\/\/buendnis-inklusion.de\/index.php?rest_route=\/wp\/v2\/posts\/110\/revisions\/426"}],"wp:attachment":[{"href":"https:\/\/buendnis-inklusion.de\/index.php?rest_route=%2Fwp%2Fv2%2Fmedia&parent=110"}],"wp:term":[{"taxonomy":"category","embeddable":true,"href":"https:\/\/buendnis-inklusion.de\/index.php?rest_route=%2Fwp%2Fv2%2Fcategories&post=110"},{"taxonomy":"post_tag","embeddable":true,"href":"https:\/\/buendnis-inklusion.de\/index.php?rest_route=%2Fwp%2Fv2%2Ftags&post=110"}],"curies":[{"name":"wp","href":"https:\/\/api.w.org\/{rel}","templated":true}]}}