{"id":1115,"date":"2023-02-14T10:54:20","date_gmt":"2023-02-14T08:54:20","guid":{"rendered":"https:\/\/buendnis-inklusion.de\/?p=1115"},"modified":"2023-02-14T10:54:20","modified_gmt":"2023-02-14T08:54:20","slug":"naechstes-treffen-am-dienstag-den-28-2-2023-um-19-uhr","status":"publish","type":"post","link":"https:\/\/buendnis-inklusion.de\/?p=1115","title":{"rendered":"n\u00e4chstes Treffen am Dienstag, den 28.2.2023 um 19 Uhr"},"content":{"rendered":"\n<p>Das n\u00e4chste B\u00fcndnistreffen findet am 28.2.2023 wieder per Zoom statt.<\/p>\n\n\n\n<p>Interessenvertreter:innen wenden sich bitte f\u00fcr eine Teilnahme vorab an die Koordinierungsgruppe<\/p>\n\n\n\n<p><\/p>\n\n\n\n<p>Kontakt Koordinierungsgruppe <em>Hamburger B\u00fcndnis f\u00fcr schulische Inklusion<\/em><\/p>\n\n\n\n<p>Pit Katzer\u00a0\u00a0\u00a0\u00a0\u00a0\u00a0\u00a0\u00a0\u00a0\u00a0\u00a0\u00a0\u00a0\u00a0\u00a0\u00a0\u00a0\u00a0\u00a0\u00a0\u00a0\u00a0\u00a0\u00a0\u00a0\u00a0\u00a0\u00a0\u00a0\u00a0\u00a0\u00a0\u00a0\u00a0 <a href=\"mailto:Pit.Katzer@hamburg.de\">Pit.Katzer@hamburg.de<\/a>\u00a0\u00a0\u00a0\u00a0\u00a0\u00a0\u00a0\u00a0\u00a0\u00a0\u00a0\u00a0\u00a0\u00a0\u00a0\u00a0\u00a0\u00a0\u00a0\u00a0\u00a0\u00a0\u00a0\u00a0\u00a0\u00a0 0178 214 046 2<\/p>\n\n\n\n<p>Babette Radke\u00a0\u00a0\u00a0\u00a0\u00a0\u00a0\u00a0\u00a0\u00a0\u00a0\u00a0\u00a0\u00a0\u00a0\u00a0\u00a0\u00a0\u00a0\u00a0\u00a0\u00a0\u00a0\u00a0\u00a0\u00a0 <a href=\"mailto:babette.radke@kidshamburg.de\">babette.radke@kidshamburg.de<\/a>\u00a0\u00a0\u00a0\u00a0\u00a0\u00a0\u00a0\u00a0\u00a0\u00a0\u00a0\u00a0\u00a0 0163 927 763 1<\/p>\n\n\n\n<p>Uwe Stiehler&nbsp;&nbsp;&nbsp;&nbsp;&nbsp;&nbsp;&nbsp;&nbsp;&nbsp;&nbsp;&nbsp;&nbsp;&nbsp;&nbsp;&nbsp;&nbsp;&nbsp;&nbsp;&nbsp;&nbsp;&nbsp;&nbsp;&nbsp;&nbsp;&nbsp;&nbsp;&nbsp;&nbsp; <a href=\"mailto:Stiehler-Hamburg@t-online.de\">Stiehler-Hamburg@t-online.de<\/a>&nbsp;&nbsp;&nbsp;&nbsp;&nbsp;&nbsp;&nbsp;&nbsp;&nbsp;&nbsp;&nbsp;&nbsp;&nbsp;&nbsp;&nbsp; 0160 264 427 2<\/p>\n","protected":false},"excerpt":{"rendered":"<p>Das n\u00e4chste B\u00fcndnistreffen findet am 28.2.2023 wieder per Zoom statt. Interessenvertreter:innen wenden sich bitte f\u00fcr eine Teilnahme vorab an die Koordinierungsgruppe Kontakt Koordinierungsgruppe Hamburger B\u00fcndnis f\u00fcr schulische Inklusion Pit Katzer\u00a0\u00a0\u00a0\u00a0\u00a0\u00a0\u00a0\u00a0\u00a0\u00a0\u00a0\u00a0\u00a0\u00a0\u00a0\u00a0\u00a0\u00a0\u00a0\u00a0\u00a0\u00a0\u00a0\u00a0\u00a0\u00a0\u00a0\u00a0\u00a0\u00a0\u00a0\u00a0\u00a0\u00a0 Pit.Katzer@hamburg.de\u00a0\u00a0\u00a0\u00a0\u00a0\u00a0\u00a0\u00a0\u00a0\u00a0\u00a0\u00a0\u00a0\u00a0\u00a0\u00a0\u00a0\u00a0\u00a0\u00a0\u00a0\u00a0\u00a0\u00a0\u00a0\u00a0 0178 214 046 2 Babette Radke\u00a0\u00a0\u00a0\u00a0\u00a0\u00a0\u00a0\u00a0\u00a0\u00a0\u00a0\u00a0\u00a0\u00a0\u00a0\u00a0\u00a0\u00a0\u00a0\u00a0\u00a0\u00a0\u00a0\u00a0\u00a0 babette.radke@kidshamburg.de\u00a0\u00a0\u00a0\u00a0\u00a0\u00a0\u00a0\u00a0\u00a0\u00a0\u00a0\u00a0\u00a0 0163 927 763 1 Uwe Stiehler&nbsp;&nbsp;&nbsp;&nbsp;&nbsp;&nbsp;&nbsp;&nbsp;&nbsp;&nbsp;&nbsp;&nbsp;&nbsp;&nbsp;&nbsp;&nbsp;&nbsp;&nbsp;&nbsp;&nbsp;&nbsp;&nbsp;&nbsp;&nbsp;&nbsp;&nbsp;&nbsp;&nbsp; Stiehler-Hamburg@t-online.de&nbsp;&nbsp;&nbsp;&nbsp;&nbsp;&nbsp;&nbsp;&nbsp;&nbsp;&nbsp;&nbsp;&nbsp;&nbsp;&nbsp;&nbsp; 0160 264 427 2<\/p>\n","protected":false},"author":802,"featured_media":0,"comment_status":"open","ping_status":"open","sticky":false,"template":"","format":"standard","meta":{"footnotes":""},"categories":[1],"tags":[16],"_links":{"self":[{"href":"https:\/\/buendnis-inklusion.de\/index.php?rest_route=\/wp\/v2\/posts\/1115"}],"collection":[{"href":"https:\/\/buendnis-inklusion.de\/index.php?rest_route=\/wp\/v2\/posts"}],"about":[{"href":"https:\/\/buendnis-inklusion.de\/index.php?rest_route=\/wp\/v2\/types\/post"}],"author":[{"embeddable":true,"href":"https:\/\/buendnis-inklusion.de\/index.php?rest_route=\/wp\/v2\/users\/802"}],"replies":[{"embeddable":true,"href":"https:\/\/buendnis-inklusion.de\/index.php?rest_route=%2Fwp%2Fv2%2Fcomments&post=1115"}],"version-history":[{"count":1,"href":"https:\/\/buendnis-inklusion.de\/index.php?rest_route=\/wp\/v2\/posts\/1115\/revisions"}],"predecessor-version":[{"id":1116,"href":"https:\/\/buendnis-inklusion.de\/index.php?rest_route=\/wp\/v2\/posts\/1115\/revisions\/1116"}],"wp:attachment":[{"href":"https:\/\/buendnis-inklusion.de\/index.php?rest_route=%2Fwp%2Fv2%2Fmedia&parent=1115"}],"wp:term":[{"taxonomy":"category","embeddable":true,"href":"https:\/\/buendnis-inklusion.de\/index.php?rest_route=%2Fwp%2Fv2%2Fcategories&post=1115"},{"taxonomy":"post_tag","embeddable":true,"href":"https:\/\/buendnis-inklusion.de\/index.php?rest_route=%2Fwp%2Fv2%2Ftags&post=1115"}],"curies":[{"name":"wp","href":"https:\/\/api.w.org\/{rel}","templated":true}]}}