{"id":156,"date":"2015-01-05T12:42:04","date_gmt":"2015-01-05T10:42:04","guid":{"rendered":"http:\/\/buendnis-inklusion.de\/?p=156"},"modified":"2015-11-12T14:32:13","modified_gmt":"2015-11-12T12:32:13","slug":"personal-schulische-inklusion","status":"publish","type":"post","link":"https:\/\/buendnis-inklusion.de\/?p=156","title":{"rendered":"Jetzt werden die Weichen f\u00fcr die Personalversorgung der Inklusion bis 2020 gestellt!"},"content":{"rendered":"<p><a href=\"http:\/\/buendnis-inklusion.de\/wp-content\/uploads\/2014\/04\/buendnis-logo-e1416817811594.png\"><img loading=\"lazy\" decoding=\"async\" class=\"alignleft size-full wp-image-4\" src=\"http:\/\/buendnis-inklusion.de\/wp-content\/uploads\/2014\/04\/buendnis-logo-e1416817811594.png\" alt=\"buendnis-logo\" width=\"162\" height=\"155\" \/><\/a>Jetzt werden die Weichen f\u00fcr die Personalversorgung der Inklusion bis 2020 gestellt<br \/>\nDie Chancen f\u00fcr einen Erfolg sind gut &#8211; jetzt aktiv werden!<\/p>\n<p>\u00dcber zwei Jahre hat der Senator die Forderung nach einer besseren Personalversorgung entsprechend der wachsenden Zahl der Sch\u00fclerInnen mit dem F\u00f6rderschwerpunkt Lernen, Sprache, emotionale und soziale Entwicklung (LSE) zur\u00fcckgewiesen, indem er die von den Schulen genannten Zahlen angezweifelt hat.<br \/>\nInzwischen hat Herr Rabe bei den ReBBZ die LSE-Diagnostik f\u00fcr den Jahrgang 4 in Auftrag gegeben und kann die Diagnose-Ergebnisse nicht mehr anzweifeln. Seit dem 19.12.14 liegen die Zahlen bei ihm auf dem Tisch. Noch h\u00e4lt er sie unter Verschluss, weil sie deutlich \u00fcber den 4% liegen werden, an denen sich die systemische Personalzuweisung seit 2012 orientiert. <!--more-->F\u00fcr das Schuljahr 2013\/14 hatten die Grundschulen f\u00fcr diesen Jahrgang einen Anteil von 6,9% Sch\u00fcler mit dem F\u00f6rderschwerpunkt LSE gemeldet.<br \/>\nDer Druck auf den Senator, diese Zahlen zu ver\u00f6ffentlichen und auf dieser Basis zus\u00e4tzliche<br \/>\nLehrerstellen f\u00fcr die Inklusion zu schaffen, w\u00e4chst. Zus\u00e4tzliches Personal ist aber nicht nur im F\u00f6rderbereich LSE n\u00f6tig. Betroffen sind in hohem Ma\u00dfe auch die Sch\u00fclerinnen mit Behinderungen. Der jetzige SPD-Senat hat entgegen den Wahlversprechungen der SPD die personell gut ausgestatteten Integrationsklassen abgeschafft und die notwendige Doppelbesetzung gravierend eingeschr\u00e4nkt. Auch in diesem Bereich ist eine deutliche Erh\u00f6hung der Personalzuweisung notwendig.<\/p>\n<p><strong>In den verbleibenden Wochen bis zur B\u00fcrgerschaftswahl am 15.2.15 gibt es die gro\u00dfe Chance, \u00fcber erh\u00f6hten politischen Druck Korrekturen des Senators bei der Personalversorgung f\u00fcr die Inklusion durchzusetzen. Die n\u00e4chste Wahl ist dann erst wieder 2020.<\/strong><\/p>\n<p>Mehr dazu und Hinweise auf unsere Aktionen &#8211;\u00a0<a href=\"http:\/\/buendnis-inklusion.de\/wp-content\/uploads\/2015\/01\/5.1.15-Aufruf_Jetzt-werden-die-Weichen-gestellt.pdf\">PM Aufruf Jan 15<\/a><\/p>\n","protected":false},"excerpt":{"rendered":"<p>Jetzt werden die Weichen f\u00fcr die Personalversorgung der Inklusion bis 2020 gestellt Die Chancen f\u00fcr einen Erfolg sind gut &#8211; jetzt aktiv werden! \u00dcber zwei Jahre hat der Senator die Forderung nach einer besseren Personalversorgung entsprechend der wachsenden Zahl der Sch\u00fclerInnen mit dem F\u00f6rderschwerpunkt Lernen, Sprache, emotionale und soziale Entwicklung (LSE) zur\u00fcckgewiesen, indem er die [&hellip;]<\/p>\n","protected":false},"author":1,"featured_media":0,"comment_status":"open","ping_status":"open","sticky":false,"template":"","format":"standard","meta":{"footnotes":""},"categories":[1],"tags":[4,11,5,3,14],"_links":{"self":[{"href":"https:\/\/buendnis-inklusion.de\/index.php?rest_route=\/wp\/v2\/posts\/156"}],"collection":[{"href":"https:\/\/buendnis-inklusion.de\/index.php?rest_route=\/wp\/v2\/posts"}],"about":[{"href":"https:\/\/buendnis-inklusion.de\/index.php?rest_route=\/wp\/v2\/types\/post"}],"author":[{"embeddable":true,"href":"https:\/\/buendnis-inklusion.de\/index.php?rest_route=\/wp\/v2\/users\/1"}],"replies":[{"embeddable":true,"href":"https:\/\/buendnis-inklusion.de\/index.php?rest_route=%2Fwp%2Fv2%2Fcomments&post=156"}],"version-history":[{"count":4,"href":"https:\/\/buendnis-inklusion.de\/index.php?rest_route=\/wp\/v2\/posts\/156\/revisions"}],"predecessor-version":[{"id":259,"href":"https:\/\/buendnis-inklusion.de\/index.php?rest_route=\/wp\/v2\/posts\/156\/revisions\/259"}],"wp:attachment":[{"href":"https:\/\/buendnis-inklusion.de\/index.php?rest_route=%2Fwp%2Fv2%2Fmedia&parent=156"}],"wp:term":[{"taxonomy":"category","embeddable":true,"href":"https:\/\/buendnis-inklusion.de\/index.php?rest_route=%2Fwp%2Fv2%2Fcategories&post=156"},{"taxonomy":"post_tag","embeddable":true,"href":"https:\/\/buendnis-inklusion.de\/index.php?rest_route=%2Fwp%2Fv2%2Ftags&post=156"}],"curies":[{"name":"wp","href":"https:\/\/api.w.org\/{rel}","templated":true}]}}