{"id":16,"date":"2014-11-28T13:42:44","date_gmt":"2014-11-28T11:42:44","guid":{"rendered":"http:\/\/buendnis-inklusion.de\/?p=16"},"modified":"2015-01-22T14:08:24","modified_gmt":"2015-01-22T12:08:24","slug":"inklusion-an-schulen","status":"publish","type":"post","link":"https:\/\/buendnis-inklusion.de\/?p=16","title":{"rendered":"Inklusion an Schulen voranbringen!"},"content":{"rendered":"<p style=\"text-align: justify;\"><a href=\"http:\/\/buendnis-inklusion.de\/wp-content\/uploads\/2014\/04\/buendnis-logo-e1416817811594.png\"><img loading=\"lazy\" decoding=\"async\" class=\"alignleft wp-image-4 size-full\" src=\"http:\/\/buendnis-inklusion.de\/wp-content\/uploads\/2014\/04\/buendnis-logo-e1416817811594.png\" alt=\"buendnis-logo\" width=\"162\" height=\"155\" \/><\/a>Die inklusive Schule ist im Interesse aller Sch\u00fclerInnen ein lohnendes Ziel. Doch an Hamburger Schulen ist sie noch nicht umgesetzt &#8211; sie f\u00e4ngt gerade erst an!<\/p>\n<p style=\"text-align: justify;\">Die Entwicklung und Umsetzung schulischer Inklusion ist die mit Abstand gr\u00f6\u00dfte bildungs\u00adpolitische Aufgabe unserer Zeit. Sie erfordert ein grundlegend ver\u00e4ndertes Verst\u00e4ndnis von Schule und neben einer umfassende Unterrichts- und Schulentwicklung auch ausreichende personelle, r\u00e4umliche und materielle Ressourcen.<\/p>\n<p>Im Oktober 2014 hat sich in Hamburg das bisher breiteste B\u00fcndnis aus mittlerweile 20 <a title=\"Beteiligte Organisationen\" href=\"http:\/\/buendnis-inklusion.de\/?page_id=44\">Organisationen <\/a>gebildet, die sich im Bereich der schulischen Inklusion engagieren \u2013 von Elternvereinen zum Thema Inklusion\u00a0\u00fcber die Hamburger Elternkammer, Schulleiterverb\u00e4nde und andere schulpolitische Vereinigungen bis zu den Gewerkschaften.<\/p>\n<p>Das Hamburger B\u00fcndnis f\u00fcr schulische Inklusion hat ein <a title=\"Memorandum\" href=\"http:\/\/buendnis-inklusion.de\/?page_id=2\">Memorandum <\/a>erarbeitet mit dem Titel <a title=\"Memorandum\" href=\"http:\/\/buendnis-inklusion.de\/?page_id=2\">&#8222;Die Inklusion in Schule und Bildungspolitik ins Zentrum r\u00fccken&#8220;<\/a>. Damit will das B\u00fcndnis seine Vorstellungen zur schulischen Inklusion in die bildungspolitische Diskussion im Vorfeld der Hamburger B\u00fcrgerschaftswahlen einbringen.<!--more--><\/p>\n<p>Aktuell findet die Arbeit des B\u00fcndnisses in Arbeitsgruppen statt. Im Januar wird\u00a0eine Podiumsdiskussion sowie eine gro\u00dfe Demo stattfinden. Das\u00a0Hamburger B\u00fcndnis f\u00fcr schulische Inklusion ist offen f\u00fcr neue B\u00fcndnispartner, die sich mit den im Memorandum formulierten Zielen identifizieren k\u00f6nnen. Bei Interesse<a title=\"Kontakt und Impressum\" href=\"http:\/\/buendnis-inklusion.de\/?page_id=21\"> kontaktieren Sie uns bitte<\/a>.<\/p>\n","protected":false},"excerpt":{"rendered":"<p>Die inklusive Schule ist im Interesse aller Sch\u00fclerInnen ein lohnendes Ziel. Doch an Hamburger Schulen ist sie noch nicht umgesetzt &#8211; sie f\u00e4ngt gerade erst an! Die Entwicklung und Umsetzung schulischer Inklusion ist die mit Abstand gr\u00f6\u00dfte bildungs\u00adpolitische Aufgabe unserer Zeit. Sie erfordert ein grundlegend ver\u00e4ndertes Verst\u00e4ndnis von Schule und neben einer umfassende Unterrichts- und [&hellip;]<\/p>\n","protected":false},"author":1,"featured_media":0,"comment_status":"open","ping_status":"open","sticky":false,"template":"","format":"standard","meta":{"footnotes":""},"categories":[1],"tags":[4,5,3],"_links":{"self":[{"href":"https:\/\/buendnis-inklusion.de\/index.php?rest_route=\/wp\/v2\/posts\/16"}],"collection":[{"href":"https:\/\/buendnis-inklusion.de\/index.php?rest_route=\/wp\/v2\/posts"}],"about":[{"href":"https:\/\/buendnis-inklusion.de\/index.php?rest_route=\/wp\/v2\/types\/post"}],"author":[{"embeddable":true,"href":"https:\/\/buendnis-inklusion.de\/index.php?rest_route=\/wp\/v2\/users\/1"}],"replies":[{"embeddable":true,"href":"https:\/\/buendnis-inklusion.de\/index.php?rest_route=%2Fwp%2Fv2%2Fcomments&post=16"}],"version-history":[{"count":13,"href":"https:\/\/buendnis-inklusion.de\/index.php?rest_route=\/wp\/v2\/posts\/16\/revisions"}],"predecessor-version":[{"id":177,"href":"https:\/\/buendnis-inklusion.de\/index.php?rest_route=\/wp\/v2\/posts\/16\/revisions\/177"}],"wp:attachment":[{"href":"https:\/\/buendnis-inklusion.de\/index.php?rest_route=%2Fwp%2Fv2%2Fmedia&parent=16"}],"wp:term":[{"taxonomy":"category","embeddable":true,"href":"https:\/\/buendnis-inklusion.de\/index.php?rest_route=%2Fwp%2Fv2%2Fcategories&post=16"},{"taxonomy":"post_tag","embeddable":true,"href":"https:\/\/buendnis-inklusion.de\/index.php?rest_route=%2Fwp%2Fv2%2Ftags&post=16"}],"curies":[{"name":"wp","href":"https:\/\/api.w.org\/{rel}","templated":true}]}}