{"id":215,"date":"2015-01-12T13:20:47","date_gmt":"2015-01-12T11:20:47","guid":{"rendered":"http:\/\/buendnis-inklusion.de\/?p=215"},"modified":"2015-01-30T12:37:26","modified_gmt":"2015-01-30T10:37:26","slug":"demo-schulische-inklusion","status":"publish","type":"post","link":"https:\/\/buendnis-inklusion.de\/?p=215","title":{"rendered":"Demonstration &#8222;Die Inklusion ins Zentrum&#8220;"},"content":{"rendered":"<p>Unsere\u00a0<a href=\"http:\/\/buendnis-inklusion.de\/wp-content\/uploads\/2015\/01\/Demoaufruf_26.01.15_Buendnis_fuer_Inklusion_Endversion.pdf\"> Demo\u00a0<\/a>\u00a0war eine gelungene Aktion! Rund 800 Unterst\u00fctzer kamen, die <a title=\"Presse und Dokumente\" href=\"http:\/\/buendnis-inklusion.de\/?page_id=38#Berichte\">Presse <\/a>berichtete.<\/p>\n<p><strong>Vielfalt ist Reichtum<\/strong><br \/>\nInklusion ist das selbstverst\u00e4ndliche Zusammenleben aller Menschen im Sinne einer gleichberechtigten und selbstbestimmten Teilhabe am gesellschaftlichen Leben, unabh\u00e4ngig von individuellen Merkmalen wie Herkunft, Geschlecht, Sprache, Religion, F\u00e4higkeiten und Behinderungen.<!--more--><br \/>\n<strong>Wir wollen gemeinsam lernen<\/strong><br \/>\nDie inklusive Schule ist die Schule der Zukunft. Sie ist im Interesse aller Sch\u00fclerInnen ein lohnendes Ziel und erm\u00f6glicht Chancengleichheit f\u00fcr Alle. Ihr Gelingen erfordert ein offenes und respektvolles Miteinander aller P\u00e4dagogInnen, MitarbeiterInnen, Eltern und Sch\u00fclerInnen vor Ort auf Augenh\u00f6he.<br \/>\n<strong>Inklusion ist Zukunft<\/strong><br \/>\nDie Entwicklung und Umsetzung schulischer Inklusion ist die mit Abstand gr\u00f6\u00dfte bildungspolitische Aufgabe unserer Zeit. Sie erfordert ein grundlegend ver\u00e4ndertes Verst\u00e4ndnis von Schule und eine umfassende Unterrichts- und Schulentwicklung.<\/p>\n<p><strong>Inklusion braucht mehr \u2013 mehr Stellen, mehr R\u00e4ume, mehr Sachmittel.<\/strong><br \/>\nVon der neuen Regierung in Hamburg erwarten wir, dass die erforderlichen Rahmenbedingungen hergestellt werden. Dazu geh\u00f6rt eine deutliche Erh\u00f6hung der Mittel f\u00fcr Personal und Ausstattung.<br \/>\n<strong>Machen Sie mit, demonstrieren Sie mit uns am 26.01.15.<\/strong><br \/>\nWir wollen eine gro\u00dfe und bunte Demonstration auf die Stra\u00dfe bringen. Bitte bringen Sie Transparente, Fahnen, Warnwesten, Laternen, L\u00e4rminstrumente mit, damit wir gesehen und geh\u00f6rt werden!<\/p>\n<p style=\"text-align: right;\"><em>ViSdP: Dirk Mescher, GEW Hamburg, Rothenbaumchaussee 15, 20148 HH<\/em><\/p>\n<p>Weitere Veranstaltungen des Hamburger B\u00fcndnis f\u00fcr schulische Inklusion und unserer beteiligten Organisatoren auf der Seite <a title=\"Termine und Aktionen\" href=\"http:\/\/buendnis-inklusion.de\/?page_id=137\">Termine und Aktionen<\/a>.<\/p>\n<p>&nbsp;<\/p>\n","protected":false},"excerpt":{"rendered":"<p>Unsere\u00a0 Demo\u00a0\u00a0war eine gelungene Aktion! Rund 800 Unterst\u00fctzer kamen, die Presse berichtete. Vielfalt ist Reichtum Inklusion ist das selbstverst\u00e4ndliche Zusammenleben aller Menschen im Sinne einer gleichberechtigten und selbstbestimmten Teilhabe am gesellschaftlichen Leben, unabh\u00e4ngig von individuellen Merkmalen wie Herkunft, Geschlecht, Sprache, Religion, F\u00e4higkeiten und Behinderungen.<\/p>\n","protected":false},"author":1,"featured_media":0,"comment_status":"open","ping_status":"open","sticky":false,"template":"","format":"standard","meta":{"footnotes":""},"categories":[1],"tags":[4,10,5,3,14],"_links":{"self":[{"href":"https:\/\/buendnis-inklusion.de\/index.php?rest_route=\/wp\/v2\/posts\/215"}],"collection":[{"href":"https:\/\/buendnis-inklusion.de\/index.php?rest_route=\/wp\/v2\/posts"}],"about":[{"href":"https:\/\/buendnis-inklusion.de\/index.php?rest_route=\/wp\/v2\/types\/post"}],"author":[{"embeddable":true,"href":"https:\/\/buendnis-inklusion.de\/index.php?rest_route=\/wp\/v2\/users\/1"}],"replies":[{"embeddable":true,"href":"https:\/\/buendnis-inklusion.de\/index.php?rest_route=%2Fwp%2Fv2%2Fcomments&post=215"}],"version-history":[{"count":14,"href":"https:\/\/buendnis-inklusion.de\/index.php?rest_route=\/wp\/v2\/posts\/215\/revisions"}],"predecessor-version":[{"id":280,"href":"https:\/\/buendnis-inklusion.de\/index.php?rest_route=\/wp\/v2\/posts\/215\/revisions\/280"}],"wp:attachment":[{"href":"https:\/\/buendnis-inklusion.de\/index.php?rest_route=%2Fwp%2Fv2%2Fmedia&parent=215"}],"wp:term":[{"taxonomy":"category","embeddable":true,"href":"https:\/\/buendnis-inklusion.de\/index.php?rest_route=%2Fwp%2Fv2%2Fcategories&post=215"},{"taxonomy":"post_tag","embeddable":true,"href":"https:\/\/buendnis-inklusion.de\/index.php?rest_route=%2Fwp%2Fv2%2Ftags&post=215"}],"curies":[{"name":"wp","href":"https:\/\/api.w.org\/{rel}","templated":true}]}}