{"id":284,"date":"2015-02-06T12:34:01","date_gmt":"2015-02-06T10:34:01","guid":{"rendered":"http:\/\/buendnis-inklusion.de\/?p=284"},"modified":"2015-12-07T18:24:07","modified_gmt":"2015-12-07T16:24:07","slug":"4-buendnistreffen-am-17-februar-2015","status":"publish","type":"post","link":"https:\/\/buendnis-inklusion.de\/?p=284","title":{"rendered":"4. B\u00fcndnistreffen des Hamburger B\u00fcndnis f\u00fcr schulische Inklusion"},"content":{"rendered":"<p>Das n\u00e4chste B\u00fcndnistreffen findet am <strong>17. Februar<\/strong> <strong>2015<\/strong>,\u00a019.00 \u2013 21.45 Uhr im Landesinstitut f\u00fcr Lehrerbildung und Schulentwicklung (LI),\u00a0Raum 102, Felix-Dahn-Str. 327 statt.<\/p>\n<p>Themen sind u.a. die\u00a0Konkretisierung einzelner Punkte aus dem Memorandum (<a title=\"hier\" href=\"http:\/\/buendnis-inklusion.de\/?page_id=2\" target=\"_blank\">hier<\/a>)\u00a0sowie weitere Planungen.<\/p>\n","protected":false},"excerpt":{"rendered":"<p>Das n\u00e4chste B\u00fcndnistreffen findet am 17. Februar 2015,\u00a019.00 \u2013 21.45 Uhr im Landesinstitut f\u00fcr Lehrerbildung und Schulentwicklung (LI),\u00a0Raum 102, Felix-Dahn-Str. 327 statt. Themen sind u.a. die\u00a0Konkretisierung einzelner Punkte aus dem Memorandum (hier)\u00a0sowie weitere Planungen.<\/p>\n","protected":false},"author":1,"featured_media":0,"comment_status":"open","ping_status":"open","sticky":false,"template":"","format":"standard","meta":{"footnotes":""},"categories":[1],"tags":[16],"_links":{"self":[{"href":"https:\/\/buendnis-inklusion.de\/index.php?rest_route=\/wp\/v2\/posts\/284"}],"collection":[{"href":"https:\/\/buendnis-inklusion.de\/index.php?rest_route=\/wp\/v2\/posts"}],"about":[{"href":"https:\/\/buendnis-inklusion.de\/index.php?rest_route=\/wp\/v2\/types\/post"}],"author":[{"embeddable":true,"href":"https:\/\/buendnis-inklusion.de\/index.php?rest_route=\/wp\/v2\/users\/1"}],"replies":[{"embeddable":true,"href":"https:\/\/buendnis-inklusion.de\/index.php?rest_route=%2Fwp%2Fv2%2Fcomments&post=284"}],"version-history":[{"count":2,"href":"https:\/\/buendnis-inklusion.de\/index.php?rest_route=\/wp\/v2\/posts\/284\/revisions"}],"predecessor-version":[{"id":452,"href":"https:\/\/buendnis-inklusion.de\/index.php?rest_route=\/wp\/v2\/posts\/284\/revisions\/452"}],"wp:attachment":[{"href":"https:\/\/buendnis-inklusion.de\/index.php?rest_route=%2Fwp%2Fv2%2Fmedia&parent=284"}],"wp:term":[{"taxonomy":"category","embeddable":true,"href":"https:\/\/buendnis-inklusion.de\/index.php?rest_route=%2Fwp%2Fv2%2Fcategories&post=284"},{"taxonomy":"post_tag","embeddable":true,"href":"https:\/\/buendnis-inklusion.de\/index.php?rest_route=%2Fwp%2Fv2%2Ftags&post=284"}],"curies":[{"name":"wp","href":"https:\/\/api.w.org\/{rel}","templated":true}]}}