{"id":295,"date":"2015-02-26T17:04:19","date_gmt":"2015-02-26T15:04:19","guid":{"rendered":"http:\/\/buendnis-inklusion.de\/?p=295"},"modified":"2015-11-12T14:31:09","modified_gmt":"2015-11-12T12:31:09","slug":"wort-halten-bei-der-inklusion-liebe-gruene","status":"publish","type":"post","link":"https:\/\/buendnis-inklusion.de\/?p=295","title":{"rendered":"Wort halten bei der Inklusion, liebe Gr\u00fcne!"},"content":{"rendered":"<p>&nbsp;<\/p>\n<h4><a href=\"http:\/\/buendnis-inklusion.de\/wp-content\/uploads\/2014\/04\/buendnis-logo-e1416817811594.png\"><img loading=\"lazy\" decoding=\"async\" class=\"alignleft size-full wp-image-4\" src=\"http:\/\/buendnis-inklusion.de\/wp-content\/uploads\/2014\/04\/buendnis-logo-e1416817811594.png\" alt=\"buendnis-logo\" width=\"162\" height=\"155\" \/><\/a>Appell an die Gr\u00fcnen &#8211; Wort halten bei den Koalitionsverhandlungen \u00fcber schulische Inklusion<\/h4>\n<p style=\"text-align: right;\">Pressemitteilung vom 26.02.15 (<a href=\"http:\/\/buendnis-inklusion.de\/wp-content\/uploads\/2015\/02\/Presseerkl\u00e4rung-zu-den-Koalitionsverhandllungen-Inklusionsb\u00fcndnis.pdf\">pdf<\/a>)<\/p>\n<p>Die von Schulsenator Ties Rabe beauftragte Untersuchung aller 4.Kl\u00e4ssler hat ergeben: Die Zahl der Sch\u00fclerInnen mit sonderp\u00e4dagogischem F\u00f6rderbedarf im Bereich Lernen, Sprache, emotionale und soziale Entwicklung (LSE) ist um zwei Drittel h\u00f6her als f\u00fcr die\u00a0 bisherige Lehrerzuweisung\u00a0 angenommen.<\/p>\n<p>Die schulpolitische Sprecherin der Gr\u00fcnen, Dr. Stefanie von Berg, hatte deshalb vor der Wahl von Schulsenator Ties Rabe gefordert, die f\u00fcr die Inklusion vorgesehene Lehrerzahl f\u00fcr die Grund- und Stadtteilschulen in allen Jahrg\u00e4ngen entsprechend um zwei Drittel zu erh\u00f6hen.<\/p>\n<p>Nachdem die Zahl der Sch\u00fclerInnen mit F\u00f6rderbedarf LSE mit gro\u00dfem diagnostischem Aufwand erhoben wurde, solle in Zukunft diese Diagnostik durch schulische F\u00f6rderpl\u00e4ne ersetzt werden, so die gr\u00fcne Schulpolitikerin.<\/p>\n<p>Sie unterst\u00fctzte ebenso die Forderung des Inklusionsb\u00fcndnisses nach einer Schulgesetz\u00e4nderung f\u00fcr lernf\u00f6rderliche Formen der Leistungsr\u00fcckmeldung. Diese soll den Schulen die M\u00f6glichkeit geben, bis Ende Jahrgang 8 Zeugnisse mit Kompetenzbeschreibungen anstelle von Notenzeugnissen zu geben, wenn dies von den schulischen Gremien beschlossen wird.<!--more--><\/p>\n<p>Nachdr\u00fccklich wurde von den Gr\u00fcnen auch mehr Zeit f\u00fcr die Kooperation multiprofessioneller Teams gefordert, damit Inklusion zur Aufgabe der ganzen Schule werden kann.<\/p>\n<p><em><strong>Das Hamburger B\u00fcndnis f\u00fcr schulische Inklusion erwartet jetzt von den Gr\u00fcnen, dass sie diese im Wahlkampf erhobenen Forderungen in die Koalitionsverhandlungen nachdr\u00fccklich einbringen, damit die schulische Inklusion besser gelingen kann.<\/strong><\/em><\/p>\n<p>Anl\u00e4sslich der Koalitionsverhandlungen unterstreicht das Hamburger B\u00fcndnis f\u00fcr Inklusion, dass auch mehr f\u00fcr die inklusiv unterrichteten Kinder mit Behinderungen in den Bereichen geistige und k\u00f6rperliche Entwicklung, H\u00f6ren, Sehen und Autismus getan werden muss.<\/p>\n<p>Die allgemeinen Schulen, in denen Kinder mit und ohne Behinderung gemeinsam lernen, m\u00fcssen personell und r\u00e4umlich so ausgestattet werden, dass sie eine vergleichbare F\u00f6rderung, Therapie und Pflege wie die speziellen Sonderschulen gew\u00e4hrleisten k\u00f6nnen. Nur so wird f\u00fcr die Sch\u00fclerInnen mit Behinderung das formale Recht auf Inklusion zu einem wirklichen Recht.<\/p>\n<p style=\"text-align: right;\">Pressemitteilung als <a href=\"http:\/\/buendnis-inklusion.de\/wp-content\/uploads\/2015\/02\/Presseerkl\u00e4rung-zu-den-Koalitionsverhandllungen-Inklusionsb\u00fcndnis.pdf\">pdf<\/a><\/p>\n","protected":false},"excerpt":{"rendered":"<p>&nbsp; Appell an die Gr\u00fcnen &#8211; Wort halten bei den Koalitionsverhandlungen \u00fcber schulische Inklusion Pressemitteilung vom 26.02.15 (pdf) Die von Schulsenator Ties Rabe beauftragte Untersuchung aller 4.Kl\u00e4ssler hat ergeben: Die Zahl der Sch\u00fclerInnen mit sonderp\u00e4dagogischem F\u00f6rderbedarf im Bereich Lernen, Sprache, emotionale und soziale Entwicklung (LSE) ist um zwei Drittel h\u00f6her als f\u00fcr die\u00a0 bisherige Lehrerzuweisung\u00a0 [&hellip;]<\/p>\n","protected":false},"author":1,"featured_media":0,"comment_status":"open","ping_status":"open","sticky":false,"template":"","format":"standard","meta":{"footnotes":""},"categories":[1],"tags":[4,5,3,13],"_links":{"self":[{"href":"https:\/\/buendnis-inklusion.de\/index.php?rest_route=\/wp\/v2\/posts\/295"}],"collection":[{"href":"https:\/\/buendnis-inklusion.de\/index.php?rest_route=\/wp\/v2\/posts"}],"about":[{"href":"https:\/\/buendnis-inklusion.de\/index.php?rest_route=\/wp\/v2\/types\/post"}],"author":[{"embeddable":true,"href":"https:\/\/buendnis-inklusion.de\/index.php?rest_route=\/wp\/v2\/users\/1"}],"replies":[{"embeddable":true,"href":"https:\/\/buendnis-inklusion.de\/index.php?rest_route=%2Fwp%2Fv2%2Fcomments&post=295"}],"version-history":[{"count":3,"href":"https:\/\/buendnis-inklusion.de\/index.php?rest_route=\/wp\/v2\/posts\/295\/revisions"}],"predecessor-version":[{"id":298,"href":"https:\/\/buendnis-inklusion.de\/index.php?rest_route=\/wp\/v2\/posts\/295\/revisions\/298"}],"wp:attachment":[{"href":"https:\/\/buendnis-inklusion.de\/index.php?rest_route=%2Fwp%2Fv2%2Fmedia&parent=295"}],"wp:term":[{"taxonomy":"category","embeddable":true,"href":"https:\/\/buendnis-inklusion.de\/index.php?rest_route=%2Fwp%2Fv2%2Fcategories&post=295"},{"taxonomy":"post_tag","embeddable":true,"href":"https:\/\/buendnis-inklusion.de\/index.php?rest_route=%2Fwp%2Fv2%2Ftags&post=295"}],"curies":[{"name":"wp","href":"https:\/\/api.w.org\/{rel}","templated":true}]}}