{"id":303,"date":"2015-04-02T10:11:16","date_gmt":"2015-04-02T08:11:16","guid":{"rendered":"http:\/\/buendnis-inklusion.de\/?p=303"},"modified":"2015-11-12T14:32:46","modified_gmt":"2015-11-12T12:32:46","slug":"wir-wuenschen-frohe-ostern","status":"publish","type":"post","link":"https:\/\/buendnis-inklusion.de\/?p=303","title":{"rendered":"Wir w\u00fcnschen frohe Ostern!"},"content":{"rendered":"<p><a href=\"http:\/\/buendnis-inklusion.de\/wp-content\/uploads\/2014\/04\/buendnis-logo-e1416817811594.png\"><img loading=\"lazy\" decoding=\"async\" class=\"alignleft size-full wp-image-4\" src=\"http:\/\/buendnis-inklusion.de\/wp-content\/uploads\/2014\/04\/buendnis-logo-e1416817811594.png\" alt=\"buendnis-logo\" width=\"162\" height=\"155\" \/><\/a>Heute k\u00f6nnen sich Ties Rabe (SPD) und Dr. Stefanie von Berg (Gr\u00fcne) \u00fcber zwei Osterk\u00f6rbchen von uns freuen.<\/p>\n<p>In den Ostereiern haben Schulkinder mit und ohne Behinderungen\u00a0W\u00fcnsche an die Schulpolitiker geschrieben, weshalb sie gerne gemeinsam lernen. Wir, vom Hamburger B\u00fcndnis f\u00fcr schulische Inklusion, haben\u00a0den W\u00fcnschen unsere Forderungen aus dem Memorandum beigef\u00fcgt.<\/p>\n<p><a href=\"http:\/\/buendnis-inklusion.de\/wp-content\/uploads\/2015\/04\/\u00dcbergabe-der-Osterk\u00f6rbe.jpg\"><img loading=\"lazy\" decoding=\"async\" class=\"alignnone size-medium wp-image-315\" src=\"http:\/\/buendnis-inklusion.de\/wp-content\/uploads\/2015\/04\/\u00dcbergabe-der-Osterk\u00f6rbe-300x188.jpg\" alt=\"\u00dcbergabe der Osterk\u00f6rbe\" width=\"300\" height=\"188\" srcset=\"https:\/\/buendnis-inklusion.de\/wp-content\/uploads\/2015\/04\/\u00dcbergabe-der-Osterk\u00f6rbe-300x188.jpg 300w, https:\/\/buendnis-inklusion.de\/wp-content\/uploads\/2015\/04\/\u00dcbergabe-der-Osterk\u00f6rbe-624x391.jpg 624w, https:\/\/buendnis-inklusion.de\/wp-content\/uploads\/2015\/04\/\u00dcbergabe-der-Osterk\u00f6rbe.jpg 1000w\" sizes=\"(max-width: 300px) 100vw, 300px\" \/><\/a><\/p>\n<p><img loading=\"lazy\" decoding=\"async\" class=\"alignnone size-medium wp-image-305\" src=\"http:\/\/buendnis-inklusion.de\/wp-content\/uploads\/2015\/04\/20150227_180321-300x169.jpg\" alt=\"20150227_180321\" width=\"300\" height=\"169\" srcset=\"https:\/\/buendnis-inklusion.de\/wp-content\/uploads\/2015\/04\/20150227_180321-300x169.jpg 300w, https:\/\/buendnis-inklusion.de\/wp-content\/uploads\/2015\/04\/20150227_180321-1024x576.jpg 1024w, https:\/\/buendnis-inklusion.de\/wp-content\/uploads\/2015\/04\/20150227_180321-624x351.jpg 624w\" sizes=\"(max-width: 300px) 100vw, 300px\" \/><\/p>\n<p>&nbsp;<\/p>\n<p>Auszug aus den\u00a0W\u00fcnschen der Sch\u00fcler und Lehrer:<\/p>\n<p>&nbsp;<\/p>\n<p><a href=\"http:\/\/buendnis-inklusion.de\/wp-content\/uploads\/2015\/04\/Was-ist-Inklusion_.jpg\"><img loading=\"lazy\" decoding=\"async\" class=\"alignnone size-medium wp-image-316\" src=\"http:\/\/buendnis-inklusion.de\/wp-content\/uploads\/2015\/04\/Was-ist-Inklusion_-300x214.jpg\" alt=\"Was ist Inklusion_\" width=\"300\" height=\"214\" srcset=\"https:\/\/buendnis-inklusion.de\/wp-content\/uploads\/2015\/04\/Was-ist-Inklusion_-300x214.jpg 300w, https:\/\/buendnis-inklusion.de\/wp-content\/uploads\/2015\/04\/Was-ist-Inklusion_.jpg 606w\" sizes=\"(max-width: 300px) 100vw, 300px\" \/><\/a> <a href=\"http:\/\/buendnis-inklusion.de\/wp-content\/uploads\/2015\/04\/Sch\u00fclerwunsch_5.jpg\"><img loading=\"lazy\" decoding=\"async\" class=\"alignnone size-medium wp-image-313\" src=\"http:\/\/buendnis-inklusion.de\/wp-content\/uploads\/2015\/04\/Sch\u00fclerwunsch_5-300x156.jpg\" alt=\"Sch\u00fclerwunsch_5\" width=\"300\" height=\"156\" srcset=\"https:\/\/buendnis-inklusion.de\/wp-content\/uploads\/2015\/04\/Sch\u00fclerwunsch_5-300x156.jpg 300w, https:\/\/buendnis-inklusion.de\/wp-content\/uploads\/2015\/04\/Sch\u00fclerwunsch_5-624x323.jpg 624w, https:\/\/buendnis-inklusion.de\/wp-content\/uploads\/2015\/04\/Sch\u00fclerwunsch_5.jpg 816w\" sizes=\"(max-width: 300px) 100vw, 300px\" \/><\/a> <a href=\"http:\/\/buendnis-inklusion.de\/wp-content\/uploads\/2015\/04\/Sch\u00fclerwunsch_6.jpg\"><img loading=\"lazy\" decoding=\"async\" class=\"alignnone size-medium wp-image-314\" src=\"http:\/\/buendnis-inklusion.de\/wp-content\/uploads\/2015\/04\/Sch\u00fclerwunsch_6-212x300.jpg\" alt=\"Sch\u00fclerwunsch_6\" width=\"212\" height=\"300\" srcset=\"https:\/\/buendnis-inklusion.de\/wp-content\/uploads\/2015\/04\/Sch\u00fclerwunsch_6-212x300.jpg 212w, https:\/\/buendnis-inklusion.de\/wp-content\/uploads\/2015\/04\/Sch\u00fclerwunsch_6-624x883.jpg 624w, https:\/\/buendnis-inklusion.de\/wp-content\/uploads\/2015\/04\/Sch\u00fclerwunsch_6.jpg 707w\" sizes=\"(max-width: 212px) 100vw, 212px\" \/><\/a> <a href=\"http:\/\/buendnis-inklusion.de\/wp-content\/uploads\/2015\/04\/Sch\u00fclerwunsch_4.jpg\"><img loading=\"lazy\" decoding=\"async\" class=\"alignnone size-medium wp-image-312\" src=\"http:\/\/buendnis-inklusion.de\/wp-content\/uploads\/2015\/04\/Sch\u00fclerwunsch_4-212x300.jpg\" alt=\"Sch\u00fclerwunsch_4\" width=\"212\" height=\"300\" srcset=\"https:\/\/buendnis-inklusion.de\/wp-content\/uploads\/2015\/04\/Sch\u00fclerwunsch_4-212x300.jpg 212w, https:\/\/buendnis-inklusion.de\/wp-content\/uploads\/2015\/04\/Sch\u00fclerwunsch_4-624x883.jpg 624w, https:\/\/buendnis-inklusion.de\/wp-content\/uploads\/2015\/04\/Sch\u00fclerwunsch_4.jpg 707w\" sizes=\"(max-width: 212px) 100vw, 212px\" \/><\/a> <a href=\"http:\/\/buendnis-inklusion.de\/wp-content\/uploads\/2015\/04\/Sch\u00fclerwunsch_3.jpg\"><img loading=\"lazy\" decoding=\"async\" class=\"alignnone size-medium wp-image-311\" src=\"http:\/\/buendnis-inklusion.de\/wp-content\/uploads\/2015\/04\/Sch\u00fclerwunsch_3-212x300.jpg\" alt=\"Sch\u00fclerwunsch_3\" width=\"212\" height=\"300\" srcset=\"https:\/\/buendnis-inklusion.de\/wp-content\/uploads\/2015\/04\/Sch\u00fclerwunsch_3-212x300.jpg 212w, https:\/\/buendnis-inklusion.de\/wp-content\/uploads\/2015\/04\/Sch\u00fclerwunsch_3-624x883.jpg 624w, https:\/\/buendnis-inklusion.de\/wp-content\/uploads\/2015\/04\/Sch\u00fclerwunsch_3.jpg 707w\" sizes=\"(max-width: 212px) 100vw, 212px\" \/><\/a> <a href=\"http:\/\/buendnis-inklusion.de\/wp-content\/uploads\/2015\/04\/Sch\u00fclerwunsch_2.jpg\"><img loading=\"lazy\" decoding=\"async\" class=\"alignnone size-medium wp-image-310\" src=\"http:\/\/buendnis-inklusion.de\/wp-content\/uploads\/2015\/04\/Sch\u00fclerwunsch_2-212x300.jpg\" alt=\"Sch\u00fclerwunsch_2\" width=\"212\" height=\"300\" srcset=\"https:\/\/buendnis-inklusion.de\/wp-content\/uploads\/2015\/04\/Sch\u00fclerwunsch_2-212x300.jpg 212w, https:\/\/buendnis-inklusion.de\/wp-content\/uploads\/2015\/04\/Sch\u00fclerwunsch_2-624x883.jpg 624w, https:\/\/buendnis-inklusion.de\/wp-content\/uploads\/2015\/04\/Sch\u00fclerwunsch_2.jpg 707w\" sizes=\"(max-width: 212px) 100vw, 212px\" \/><\/a> <a href=\"http:\/\/buendnis-inklusion.de\/wp-content\/uploads\/2015\/04\/Sch\u00fclerwunsch_1.jpg\"><img loading=\"lazy\" decoding=\"async\" class=\"alignnone size-medium wp-image-309\" src=\"http:\/\/buendnis-inklusion.de\/wp-content\/uploads\/2015\/04\/Sch\u00fclerwunsch_1-300x216.jpg\" alt=\"Sch\u00fclerwunsch_1\" width=\"300\" height=\"216\" srcset=\"https:\/\/buendnis-inklusion.de\/wp-content\/uploads\/2015\/04\/Sch\u00fclerwunsch_1-300x216.jpg 300w, https:\/\/buendnis-inklusion.de\/wp-content\/uploads\/2015\/04\/Sch\u00fclerwunsch_1.jpg 588w\" sizes=\"(max-width: 300px) 100vw, 300px\" \/><\/a> <a href=\"http:\/\/buendnis-inklusion.de\/wp-content\/uploads\/2015\/04\/Lehrerwunsch.jpg\"><img loading=\"lazy\" decoding=\"async\" class=\"alignnone size-medium wp-image-308\" src=\"http:\/\/buendnis-inklusion.de\/wp-content\/uploads\/2015\/04\/Lehrerwunsch-212x300.jpg\" alt=\"Lehrerwunsch\" width=\"212\" height=\"300\" srcset=\"https:\/\/buendnis-inklusion.de\/wp-content\/uploads\/2015\/04\/Lehrerwunsch-212x300.jpg 212w, https:\/\/buendnis-inklusion.de\/wp-content\/uploads\/2015\/04\/Lehrerwunsch-624x883.jpg 624w, https:\/\/buendnis-inklusion.de\/wp-content\/uploads\/2015\/04\/Lehrerwunsch.jpg 707w\" sizes=\"(max-width: 212px) 100vw, 212px\" \/><\/a><\/p>\n<p>&nbsp;<\/p>\n<p>&nbsp;<\/p>\n","protected":false},"excerpt":{"rendered":"<p>Heute k\u00f6nnen sich Ties Rabe (SPD) und Dr. Stefanie von Berg (Gr\u00fcne) \u00fcber zwei Osterk\u00f6rbchen von uns freuen. In den Ostereiern haben Schulkinder mit und ohne Behinderungen\u00a0W\u00fcnsche an die Schulpolitiker geschrieben, weshalb sie gerne gemeinsam lernen. Wir, vom Hamburger B\u00fcndnis f\u00fcr schulische Inklusion, haben\u00a0den W\u00fcnschen unsere Forderungen aus dem Memorandum beigef\u00fcgt. &nbsp; Auszug aus den\u00a0W\u00fcnschen [&hellip;]<\/p>\n","protected":false},"author":1,"featured_media":0,"comment_status":"open","ping_status":"open","sticky":false,"template":"","format":"standard","meta":{"footnotes":""},"categories":[1],"tags":[4,5,3,13],"_links":{"self":[{"href":"https:\/\/buendnis-inklusion.de\/index.php?rest_route=\/wp\/v2\/posts\/303"}],"collection":[{"href":"https:\/\/buendnis-inklusion.de\/index.php?rest_route=\/wp\/v2\/posts"}],"about":[{"href":"https:\/\/buendnis-inklusion.de\/index.php?rest_route=\/wp\/v2\/types\/post"}],"author":[{"embeddable":true,"href":"https:\/\/buendnis-inklusion.de\/index.php?rest_route=\/wp\/v2\/users\/1"}],"replies":[{"embeddable":true,"href":"https:\/\/buendnis-inklusion.de\/index.php?rest_route=%2Fwp%2Fv2%2Fcomments&post=303"}],"version-history":[{"count":5,"href":"https:\/\/buendnis-inklusion.de\/index.php?rest_route=\/wp\/v2\/posts\/303\/revisions"}],"predecessor-version":[{"id":321,"href":"https:\/\/buendnis-inklusion.de\/index.php?rest_route=\/wp\/v2\/posts\/303\/revisions\/321"}],"wp:attachment":[{"href":"https:\/\/buendnis-inklusion.de\/index.php?rest_route=%2Fwp%2Fv2%2Fmedia&parent=303"}],"wp:term":[{"taxonomy":"category","embeddable":true,"href":"https:\/\/buendnis-inklusion.de\/index.php?rest_route=%2Fwp%2Fv2%2Fcategories&post=303"},{"taxonomy":"post_tag","embeddable":true,"href":"https:\/\/buendnis-inklusion.de\/index.php?rest_route=%2Fwp%2Fv2%2Ftags&post=303"}],"curies":[{"name":"wp","href":"https:\/\/api.w.org\/{rel}","templated":true}]}}