{"id":323,"date":"2015-04-11T10:57:24","date_gmt":"2015-04-11T08:57:24","guid":{"rendered":"http:\/\/buendnis-inklusion.de\/?p=323"},"modified":"2015-12-03T11:23:03","modified_gmt":"2015-12-03T09:23:03","slug":"presseerklaerung-zum-entwurf-des-hamburger-koalitionsvertrags","status":"publish","type":"post","link":"https:\/\/buendnis-inklusion.de\/?p=323","title":{"rendered":"Presseerkl\u00e4rung zum Entwurf des Hamburger Koalitionsvertrags"},"content":{"rendered":"<p>Am 8. April haben die Parteien SPD und Gr\u00fcne den Entwurf f\u00fcr einen rot-gr\u00fcnen Koalitionsvertrag der \u00d6ffentlichkeit vorgestellt. In diesem Entwurf wurden die Eckpunkte der politischen Ausrichtung des neuen Hamburger Senats der n\u00e4chsten f\u00fcnf Jahre aufgef\u00fchrt.<\/p>\n<p>Vor Beginn der Koalitionsverhandlungen hat das &#8222;Hamburger B\u00fcndnis f\u00fcr schulische Inklusion&#8220; die Gr\u00fcnen noch einmal daran erinnert, die im Wahlkampf erhobenen Forderungen bzgl. der schulischen Inklusion in die Koalitionsverhandlungen nachdr\u00fccklich einzubringen (<a href=\"http:\/\/buendnis-inklusion.de\/?p=295\" target=\"_blank\">hier mehr dazu<\/a>).<\/p>\n<p>Der Koalitionsvertrag f\u00fchrt unter anderem im Kapitel &#8222;Schule und Berufliche Bildung\u201c ein gro\u00dfes Versprechen und erste Schritte zur schulischen Inklusion auf:<\/p>\n<p>\u201eDie Koalitionspartner erkl\u00e4ren die Inklusion zu ihrer gemeinsamen Priorit\u00e4t. Wir werden mit einem umfassenden Konzept die F\u00f6rderung von Kindern mit Behinderungen oder sonderp\u00e4dagogischem F\u00f6rderbedarf in den Bereichen Lernen, Sprache oder soziale und emotionale Entwicklung verbessern.\u201c<\/p>\n<p>Das Hamburger B\u00fcndnis f\u00fcr schulische Inklusion begr\u00fc\u00dft diese Priorit\u00e4tensetzung.\u00a0Hier die Presseerkl\u00e4rung zu den Koalitionsvereinbarungen:<\/p>\n<p><a href=\"http:\/\/buendnis-inklusion.de\/wp-content\/uploads\/2015\/04\/Presseerkl\u00e4rung-13.4.15-Hamburger-B\u00fcndnis-f\u00fcr-schulische-Inklusion.pdf\">Presseerkl\u00e4rung zum Koalitionsvertrag<\/a><\/p>\n","protected":false},"excerpt":{"rendered":"<p>Am 8. April haben die Parteien SPD und Gr\u00fcne den Entwurf f\u00fcr einen rot-gr\u00fcnen Koalitionsvertrag der \u00d6ffentlichkeit vorgestellt. In diesem Entwurf wurden die Eckpunkte der politischen Ausrichtung des neuen Hamburger Senats der n\u00e4chsten f\u00fcnf Jahre aufgef\u00fchrt. Vor Beginn der Koalitionsverhandlungen hat das &#8222;Hamburger B\u00fcndnis f\u00fcr schulische Inklusion&#8220; die Gr\u00fcnen noch einmal daran erinnert, die im [&hellip;]<\/p>\n","protected":false},"author":1,"featured_media":0,"comment_status":"open","ping_status":"open","sticky":false,"template":"","format":"standard","meta":{"footnotes":""},"categories":[1],"tags":[4,5,3,13],"_links":{"self":[{"href":"https:\/\/buendnis-inklusion.de\/index.php?rest_route=\/wp\/v2\/posts\/323"}],"collection":[{"href":"https:\/\/buendnis-inklusion.de\/index.php?rest_route=\/wp\/v2\/posts"}],"about":[{"href":"https:\/\/buendnis-inklusion.de\/index.php?rest_route=\/wp\/v2\/types\/post"}],"author":[{"embeddable":true,"href":"https:\/\/buendnis-inklusion.de\/index.php?rest_route=\/wp\/v2\/users\/1"}],"replies":[{"embeddable":true,"href":"https:\/\/buendnis-inklusion.de\/index.php?rest_route=%2Fwp%2Fv2%2Fcomments&post=323"}],"version-history":[{"count":4,"href":"https:\/\/buendnis-inklusion.de\/index.php?rest_route=\/wp\/v2\/posts\/323\/revisions"}],"predecessor-version":[{"id":425,"href":"https:\/\/buendnis-inklusion.de\/index.php?rest_route=\/wp\/v2\/posts\/323\/revisions\/425"}],"wp:attachment":[{"href":"https:\/\/buendnis-inklusion.de\/index.php?rest_route=%2Fwp%2Fv2%2Fmedia&parent=323"}],"wp:term":[{"taxonomy":"category","embeddable":true,"href":"https:\/\/buendnis-inklusion.de\/index.php?rest_route=%2Fwp%2Fv2%2Fcategories&post=323"},{"taxonomy":"post_tag","embeddable":true,"href":"https:\/\/buendnis-inklusion.de\/index.php?rest_route=%2Fwp%2Fv2%2Ftags&post=323"}],"curies":[{"name":"wp","href":"https:\/\/api.w.org\/{rel}","templated":true}]}}