{"id":353,"date":"2015-11-12T14:35:46","date_gmt":"2015-11-12T12:35:46","guid":{"rendered":"http:\/\/buendnis-inklusion.de\/?p=353"},"modified":"2015-12-03T11:20:58","modified_gmt":"2015-12-03T09:20:58","slug":"winterhuder-gespraech-nachdenken-ueber-inklusion","status":"publish","type":"post","link":"https:\/\/buendnis-inklusion.de\/?p=353","title":{"rendered":"Winterhuder Gespr\u00e4ch: &#8222;Nachdenken \u00fcber Inklusion&#8220;"},"content":{"rendered":"<p>Am 18. November l\u00e4dt die\u00a0Winterhuder Reformschule im Rahmen der Winterhuder Gespr\u00e4che zum &#8222;Nachdenken \u00fcber Inklusion&#8220; ein.<!--more--><\/p>\n<p>Inklusion ist mittlerweile in aller Munde, in der \u00d6ffentlichkeit wie in der p\u00e4dagogischen Fachwelt.\u00a0Allerdings gibt es sehr unterschiedliche Auffassungen, was Inklusion und inklusive P\u00e4dagogik sein\u00a0k\u00f6nnten. Die Bildungspolitik versucht Inklusion auf die Frage des Umgangs mit Sch\u00fcler*innen mit\u00a0sonderp\u00e4dagogischem F\u00f6rderbedarf in der Schule zu reduzieren und damit zu \u201eIntegration plus\u201c\u00a0umzuformen. Die Frage, was Inklusion im umfassenden, menschenrechtsbasierten Sinne hei\u00dft, stellt\u00a0sich nun in versch\u00e4rfter Form, wenn wir den Umgang mit gefl\u00fcchteten Menschen im Spannungsfeld\u00a0von Willkommenskultur und Brandanschl\u00e4gen betrachten.<\/p>\n<p>Ines Boban und Prof. Andreas Hinz werden einen Blick\u00a0auf die aktuelle bildungspolitische Situation werfen und thematisieren, welche \u201aSpielregeln\u2018 es\u00a0insgesamt zu ver\u00e4ndern gilt, so dass die Menschenrechte auch in der Schule zur Geltung kommen und\u00a0sich alle Beteiligten anerkannt f\u00fchlen k\u00f6nnen.<\/p>\n<p>Weitere Informationen <a href=\"http:\/\/buendnis-inklusion.de\/wp-content\/uploads\/2015\/11\/Winterhuder-Gespr\u00e4ch-44.pdf\" target=\"_blank\">hier<\/a>.<\/p>\n","protected":false},"excerpt":{"rendered":"<p>Am 18. November l\u00e4dt die\u00a0Winterhuder Reformschule im Rahmen der Winterhuder Gespr\u00e4che zum &#8222;Nachdenken \u00fcber Inklusion&#8220; ein.<\/p>\n","protected":false},"author":1,"featured_media":0,"comment_status":"open","ping_status":"open","sticky":false,"template":"","format":"standard","meta":{"footnotes":""},"categories":[1],"tags":[4,5,3,7,8],"_links":{"self":[{"href":"https:\/\/buendnis-inklusion.de\/index.php?rest_route=\/wp\/v2\/posts\/353"}],"collection":[{"href":"https:\/\/buendnis-inklusion.de\/index.php?rest_route=\/wp\/v2\/posts"}],"about":[{"href":"https:\/\/buendnis-inklusion.de\/index.php?rest_route=\/wp\/v2\/types\/post"}],"author":[{"embeddable":true,"href":"https:\/\/buendnis-inklusion.de\/index.php?rest_route=\/wp\/v2\/users\/1"}],"replies":[{"embeddable":true,"href":"https:\/\/buendnis-inklusion.de\/index.php?rest_route=%2Fwp%2Fv2%2Fcomments&post=353"}],"version-history":[{"count":3,"href":"https:\/\/buendnis-inklusion.de\/index.php?rest_route=\/wp\/v2\/posts\/353\/revisions"}],"predecessor-version":[{"id":422,"href":"https:\/\/buendnis-inklusion.de\/index.php?rest_route=\/wp\/v2\/posts\/353\/revisions\/422"}],"wp:attachment":[{"href":"https:\/\/buendnis-inklusion.de\/index.php?rest_route=%2Fwp%2Fv2%2Fmedia&parent=353"}],"wp:term":[{"taxonomy":"category","embeddable":true,"href":"https:\/\/buendnis-inklusion.de\/index.php?rest_route=%2Fwp%2Fv2%2Fcategories&post=353"},{"taxonomy":"post_tag","embeddable":true,"href":"https:\/\/buendnis-inklusion.de\/index.php?rest_route=%2Fwp%2Fv2%2Ftags&post=353"}],"curies":[{"name":"wp","href":"https:\/\/api.w.org\/{rel}","templated":true}]}}