{"id":362,"date":"2015-04-30T10:51:04","date_gmt":"2015-04-30T08:51:04","guid":{"rendered":"http:\/\/buendnis-inklusion.de\/?p=362"},"modified":"2015-12-03T11:22:20","modified_gmt":"2015-12-03T09:22:20","slug":"das-hamburger-buendnis-fuer-schulische-inklusion-setzt-sich-fuer-die-verlaengerung-und-ausweitung-des-schulversuches-alleskoenner-ein","status":"publish","type":"post","link":"https:\/\/buendnis-inklusion.de\/?p=362","title":{"rendered":"Das Hamburger B\u00fcndnis f\u00fcr schulische Inklusion setzt sich f\u00fcr die Verl\u00e4ngerung und Ausweitung des Schulversuches &#8222;alles>>K\u00f6nner&#8220; ein."},"content":{"rendered":"<p>Das Hamburger B\u00fcndnis f\u00fcr schulische Inklusion hat ein\u00a0Positionspapier zu lernf\u00f6rderlichen Leistungsr\u00fcckmeldungen am 31. M\u00e4rz 2015 verabschiedet.<!--more--><\/p>\n<p>In unserem <a href=\"http:\/\/buendnis-inklusion.de\/?page_id=2\">Memorandum<\/a>\u00a0fordern wir \u00a0lernf\u00f6rderliche \u201eR\u00fcckmeldungen zu den Leistungen und Lernfortschritten, (die sich) auf die individuellen M\u00f6glichkeiten und Entwicklungen der einzelnen Sch\u00fclerIn und nicht nur auf die Bildungspl\u00e4ne beziehen\u201c.<\/p>\n<p>In dem Hamburger Schulversuch <a href=\"http:\/\/www.hamburg.de\/alleskoenner\/\">alles\u00bbk\u00f6nner<\/a> wurden in den letzten Jahren solche lernf\u00f6rderlichen Formen der Leistungsr\u00fcckmeldung einschlie\u00dflich der darauf bezogenen Qualit\u00e4tsmerkmale als Alternative zu Noten entwickelt und von den beteiligten Schulen umgesetzt.<\/p>\n<p><strong>Das Hamburger B\u00fcndnis f\u00fcr schulische Inklusion setzt sich f\u00fcr die Verl\u00e4ngerung und Ausweitung dieses Schulversuches ein.<\/strong><\/p>\n<p>Dabei unterst\u00fctzt das B\u00fcndnis die <a href=\"http:\/\/alleskoenner-er-initiative.blogspot.de\/2015\/02\/es-geht-los.html\">Elternr\u00e4te-Initiative der <em>alles\u00bbk\u00f6nner<\/em> Schulen<\/a>.<\/p>\n<p>Unabh\u00e4ngig von der Verl\u00e4ngerung dieses Schulversuchs fordert das Hamburger B\u00fcndnis f\u00fcr schulische Inklusion die Hamburger B\u00fcrgerschaft auf, f\u00fcr die Schulen die gesetzliche M\u00f6glichkeit zu schaffen, kompetenz- und entwicklungsorientierte Leistungsr\u00fcckmeldungen anstelle von Notenzeugnissen bis Ende Jahrgang 8 zu geben, wenn dies von der jeweiligen Schulkonferenz beschlossen wird. Dabei sollen die o.g. Qualit\u00e4tskriterien umgesetzt werden.<\/p>\n<p>Hier geht es zum <a href=\"http:\/\/buendnis-inklusion.de\/wp-content\/uploads\/2015\/11\/Positionspapier-zu-Leistungsr\u00fcckmeldungen.pdf\">Positionspapier<\/a>.<\/p>\n","protected":false},"excerpt":{"rendered":"<p>Das Hamburger B\u00fcndnis f\u00fcr schulische Inklusion hat ein\u00a0Positionspapier zu lernf\u00f6rderlichen Leistungsr\u00fcckmeldungen am 31. M\u00e4rz 2015 verabschiedet.<\/p>\n","protected":false},"author":1,"featured_media":0,"comment_status":"open","ping_status":"open","sticky":false,"template":"","format":"standard","meta":{"footnotes":""},"categories":[1],"tags":[17],"_links":{"self":[{"href":"https:\/\/buendnis-inklusion.de\/index.php?rest_route=\/wp\/v2\/posts\/362"}],"collection":[{"href":"https:\/\/buendnis-inklusion.de\/index.php?rest_route=\/wp\/v2\/posts"}],"about":[{"href":"https:\/\/buendnis-inklusion.de\/index.php?rest_route=\/wp\/v2\/types\/post"}],"author":[{"embeddable":true,"href":"https:\/\/buendnis-inklusion.de\/index.php?rest_route=\/wp\/v2\/users\/1"}],"replies":[{"embeddable":true,"href":"https:\/\/buendnis-inklusion.de\/index.php?rest_route=%2Fwp%2Fv2%2Fcomments&post=362"}],"version-history":[{"count":4,"href":"https:\/\/buendnis-inklusion.de\/index.php?rest_route=\/wp\/v2\/posts\/362\/revisions"}],"predecessor-version":[{"id":424,"href":"https:\/\/buendnis-inklusion.de\/index.php?rest_route=\/wp\/v2\/posts\/362\/revisions\/424"}],"wp:attachment":[{"href":"https:\/\/buendnis-inklusion.de\/index.php?rest_route=%2Fwp%2Fv2%2Fmedia&parent=362"}],"wp:term":[{"taxonomy":"category","embeddable":true,"href":"https:\/\/buendnis-inklusion.de\/index.php?rest_route=%2Fwp%2Fv2%2Fcategories&post=362"},{"taxonomy":"post_tag","embeddable":true,"href":"https:\/\/buendnis-inklusion.de\/index.php?rest_route=%2Fwp%2Fv2%2Ftags&post=362"}],"curies":[{"name":"wp","href":"https:\/\/api.w.org\/{rel}","templated":true}]}}