{"id":396,"date":"2015-11-19T15:54:13","date_gmt":"2015-11-19T13:54:13","guid":{"rendered":"http:\/\/buendnis-inklusion.de\/?p=396"},"modified":"2015-12-03T11:20:32","modified_gmt":"2015-12-03T09:20:32","slug":"einladung-zur-beteiligung-an-der-woche-der-inklusion-in-hamburg","status":"publish","type":"post","link":"https:\/\/buendnis-inklusion.de\/?p=396","title":{"rendered":"Einladung zur Beteiligung an der \u201eWoche der Inklusion\u201c in Hamburg"},"content":{"rendered":"<p>Am 3. Dezember 2015 ist\u00a0der &#8222;Internationale Tag der Menschen mit Behinderungen&#8220; und Hamburg m\u00f6chte all die kleinen und gro\u00dfen Ideen bzw.\u00a0Projekte rund um die Inklusion zeigen bzw.\u00a0in der Bev\u00f6lkerung bekannter machen.<\/p>\n<p>Daher l\u00e4dt die Senatskoordinatorin zur Gleichstellung behinderter Menschen, Ingrid K\u00f6rner, gemeinsam mit dem Inklusionsb\u00fcro der Stadt Hamburg zu einer <strong>&#8222;Woche der Inklusion&#8220;<\/strong> vom 30. November bis 7. Dezember 2015\u00a0auf.<!--more--><\/p>\n<p>Neben vielen Aktionen, werden im Rahmen dieser Woche im Hamburger Rathaus &#8222;Wegbereiter der Inklusion\u201c im Bereich Tourismus ausgezeichnet und\u00a0Menschen geehrt, die sich in herausragender Weise im Rahmen eines freiwilligen Engagements f\u00fcr ein gleichberechtigtes Miteinander in unterschiedlichen gesellschaftlichen Bereichen einsetzen.<\/p>\n<p>Wo man\u00a0Ideen oder Projekte, die man im Rahmen der &#8222;Woche der Inklusion&#8220; darstellen m\u00f6chte, einreichen kann, wird\u00a0<a href=\"http:\/\/buendnis-inklusion.de\/wp-content\/uploads\/2015\/11\/30.11.-7.12.2015_einladung_woche_der_inklusion.pdf\">hier<\/a>\u00a0erkl\u00e4rt.<\/p>\n","protected":false},"excerpt":{"rendered":"<p>Am 3. Dezember 2015 ist\u00a0der &#8222;Internationale Tag der Menschen mit Behinderungen&#8220; und Hamburg m\u00f6chte all die kleinen und gro\u00dfen Ideen bzw.\u00a0Projekte rund um die Inklusion zeigen bzw.\u00a0in der Bev\u00f6lkerung bekannter machen. Daher l\u00e4dt die Senatskoordinatorin zur Gleichstellung behinderter Menschen, Ingrid K\u00f6rner, gemeinsam mit dem Inklusionsb\u00fcro der Stadt Hamburg zu einer &#8222;Woche der Inklusion&#8220; vom 30. [&hellip;]<\/p>\n","protected":false},"author":1,"featured_media":0,"comment_status":"open","ping_status":"open","sticky":false,"template":"","format":"standard","meta":{"footnotes":""},"categories":[1],"tags":[],"_links":{"self":[{"href":"https:\/\/buendnis-inklusion.de\/index.php?rest_route=\/wp\/v2\/posts\/396"}],"collection":[{"href":"https:\/\/buendnis-inklusion.de\/index.php?rest_route=\/wp\/v2\/posts"}],"about":[{"href":"https:\/\/buendnis-inklusion.de\/index.php?rest_route=\/wp\/v2\/types\/post"}],"author":[{"embeddable":true,"href":"https:\/\/buendnis-inklusion.de\/index.php?rest_route=\/wp\/v2\/users\/1"}],"replies":[{"embeddable":true,"href":"https:\/\/buendnis-inklusion.de\/index.php?rest_route=%2Fwp%2Fv2%2Fcomments&post=396"}],"version-history":[{"count":7,"href":"https:\/\/buendnis-inklusion.de\/index.php?rest_route=\/wp\/v2\/posts\/396\/revisions"}],"predecessor-version":[{"id":421,"href":"https:\/\/buendnis-inklusion.de\/index.php?rest_route=\/wp\/v2\/posts\/396\/revisions\/421"}],"wp:attachment":[{"href":"https:\/\/buendnis-inklusion.de\/index.php?rest_route=%2Fwp%2Fv2%2Fmedia&parent=396"}],"wp:term":[{"taxonomy":"category","embeddable":true,"href":"https:\/\/buendnis-inklusion.de\/index.php?rest_route=%2Fwp%2Fv2%2Fcategories&post=396"},{"taxonomy":"post_tag","embeddable":true,"href":"https:\/\/buendnis-inklusion.de\/index.php?rest_route=%2Fwp%2Fv2%2Ftags&post=396"}],"curies":[{"name":"wp","href":"https:\/\/api.w.org\/{rel}","templated":true}]}}