{"id":446,"date":"2015-11-05T18:17:24","date_gmt":"2015-11-05T16:17:24","guid":{"rendered":"http:\/\/buendnis-inklusion.de\/?p=446"},"modified":"2015-12-07T18:44:11","modified_gmt":"2015-12-07T16:44:11","slug":"1-jahr-hamburger-buendnis-fuer-schulische-inklusion-mein-persoenliches-fazit","status":"publish","type":"post","link":"https:\/\/buendnis-inklusion.de\/?p=446","title":{"rendered":"1 Jahr Hamburger B\u00fcndnis f\u00fcr schulische Inklusion \u2013 mein pers\u00f6nliches Fazit"},"content":{"rendered":"<p>Ich bin nicht der Ansicht, dass wir in den n\u00e4chsten f\u00fcnf Jahren umfassende Inklusion in der Schule erreichen\u00a0k\u00f6nnen. Schulische Inklusion kann nicht in einer nicht-inklusiven Gesellschaft mit einem mehrgliedrigen\u00a0Schulsystem gelingen.<\/p>\n<p>Aber wir k\u00f6nnen weiter auf dem Weg in Richtung Inklusion gehen und wir m\u00fcssen auf diesem Weg weiter\u00a0gehen. Dieser Weg ist unumg\u00e4nglich, denn es ist der Weg zur Umsetzung von Menschenrechten, es ist der\u00a0Weg zu Wertsch\u00e4tzung, Achtung und gr\u00f6\u00dftm\u00f6glicher Teilhabe aller Mitglieder unserer Gesellschaft und zu\u00a0weniger Diskriminierung.<\/p>\n<p>Was die Idee der Inklusion kaputt macht, ist deren politische Reduzierung auf das Thema Ressourcen.\u00a0Ressourcen z\u00e4hlen zu den Gelingensbedingungen von Schule, aber ohne einen Wandel in den K\u00f6pfen aller an\u00a0Bildung Beteiligter k\u00f6nnen nicht einmal die derzeit zur Verf\u00fcgung stehenden Ressourcen zur Unterst\u00fctzung\u00a0aller Sch\u00fclerinnen und Sch\u00fcler und zum Abbau von Lernhindernissen eingesetzt werden.<\/p>\n<p>Was die Idee der Inklusion kaputt macht, ist der Versuch, Schule, P\u00e4dagogInnen und Sch\u00fclerInnen zu\u00a0normieren, sie messbar, sie vergleich- und abrechenbar zu machen. In einer solchen Schule sucht Vielfalt\u00a0ihren Platz und wird ihn nicht finden.<\/p>\n<p>Es ist dem B\u00fcndnis im vergangenen Jahr gelungen, das Thema Schule und Inklusion wieder in das Zentrum\u00a0der Bildungspolitik zu bringen. Das B\u00fcndnis hat einen Teilerfolg bei den Ressourcen erzielt. Auch die\u00a0Beschr\u00e4nkung der Statusdiagnostik auf Jahrgang 4 sowie die systemische Verwendung der ab Jahrgang 5 f\u00fcr\u00a0die F\u00f6rderbereiche Lernen, Sprache und emotionale und soziale Entwicklung zugewiesenen Ressourcen\u00a0stellen Erfolge der Arbeit des B\u00fcndnisses dar.<\/p>\n<p>Als zentrale Aufgabe des B\u00fcndnisses betrachte ich es weiterhin, daf\u00fcr einzustehen und darauf zu achten, dass\u00a0das im Schulgesetz verankerte Recht auf eine Beschulung f\u00fcr alle Kinder und Jugendlichen an einer\u00a0Regelschule, umgesetzt wird.<\/p>\n<p>Ich w\u00fcnsche mir, dass der Begriff Inklusion k\u00fcnftig mehr mit ideellen und p\u00e4dagogischen und etwas weniger\u00a0mit materiellen und politischen Inhalten erf\u00fcllt wird und es dem B\u00fcndnis gelingt, die mit Inklusion\u00a0verbundene Perspektive f\u00fcr die Entfaltung aller Menschen unserer Gesellschaft in der \u00d6ffentlichkeit klarer zu\u00a0gestalten und f\u00fcr den schulischen Bereich zu beschreiben.<\/p>\n<p>Speziell f\u00fcr meine Tochter w\u00fcnsche ich mir, dass Kinder mit Down-Syndrom, die im Rahmen der Integration in\u00a0Hamburg seit 30 Jahren an Regelschulen lernen konnten, nicht als Verlierer aus der Entwicklung hervorgehen. Bereits jetzt entscheiden sich viele Eltern von Kindern mit Down-Syndrom gegen die Regelschule und\u00a0f\u00fcr eine Beschulung ihrer Kinder an einer speziellen Sonderschule. Aber ich bin mir sicher, das sich mehr\u00a0Eltern f\u00fcr eine Regelschule entscheiden w\u00fcrden, wenn die Regelschule eine Schule w\u00e4re, in der wirklich alle\u00a0Sch\u00fclerinnen und Sch\u00fcler willkommen w\u00e4ren. Hierf\u00fcr braucht es inklusives Denken und inklusive Strukturen\u00a0sowie ein angemessen ausgestattetes p\u00e4dagogisches, s\u00e4chliches und r\u00e4umliches Angebot.<\/p>\n<p>F\u00fcr das zweite Jahr im B\u00fcndnis w\u00fcnsche ich, als Vertreterin eines Elternvereins, mir weiterhin eine so rege\u00a0Teilnahme und kreative Mitarbeit aller B\u00fcndnispartner.\u00a0Das B\u00fcndnis ist und bleibt so stark wie die B\u00fcndnismitglieder.\u00a0Ich freue mich auf die weitere aktive und erfolgreiche Zusammenarbeit im \u201eneuen\u201c Jahr.<\/p>\n<p>B. Radke<br \/>\nVertreterin von KIDS Hamburg e. V.<br \/>\nMitglied der Koordinierungsgruppe des Hamburger B\u00fcndnis f\u00fcr schulische Inklusion<br \/>\nund Mutter einer 11j\u00e4hrigen Sch\u00fclerin mit Down-Syndrom an einer Hamburger Stadtteilschule<\/p>\n","protected":false},"excerpt":{"rendered":"<p>Ich bin nicht der Ansicht, dass wir in den n\u00e4chsten f\u00fcnf Jahren umfassende Inklusion in der Schule erreichen\u00a0k\u00f6nnen. Schulische Inklusion kann nicht in einer nicht-inklusiven Gesellschaft mit einem mehrgliedrigen\u00a0Schulsystem gelingen. Aber wir k\u00f6nnen weiter auf dem Weg in Richtung Inklusion gehen und wir m\u00fcssen auf diesem Weg weiter\u00a0gehen. Dieser Weg ist unumg\u00e4nglich, denn es ist [&hellip;]<\/p>\n","protected":false},"author":1,"featured_media":0,"comment_status":"open","ping_status":"open","sticky":false,"template":"","format":"standard","meta":{"footnotes":""},"categories":[1],"tags":[],"_links":{"self":[{"href":"https:\/\/buendnis-inklusion.de\/index.php?rest_route=\/wp\/v2\/posts\/446"}],"collection":[{"href":"https:\/\/buendnis-inklusion.de\/index.php?rest_route=\/wp\/v2\/posts"}],"about":[{"href":"https:\/\/buendnis-inklusion.de\/index.php?rest_route=\/wp\/v2\/types\/post"}],"author":[{"embeddable":true,"href":"https:\/\/buendnis-inklusion.de\/index.php?rest_route=\/wp\/v2\/users\/1"}],"replies":[{"embeddable":true,"href":"https:\/\/buendnis-inklusion.de\/index.php?rest_route=%2Fwp%2Fv2%2Fcomments&post=446"}],"version-history":[{"count":2,"href":"https:\/\/buendnis-inklusion.de\/index.php?rest_route=\/wp\/v2\/posts\/446\/revisions"}],"predecessor-version":[{"id":457,"href":"https:\/\/buendnis-inklusion.de\/index.php?rest_route=\/wp\/v2\/posts\/446\/revisions\/457"}],"wp:attachment":[{"href":"https:\/\/buendnis-inklusion.de\/index.php?rest_route=%2Fwp%2Fv2%2Fmedia&parent=446"}],"wp:term":[{"taxonomy":"category","embeddable":true,"href":"https:\/\/buendnis-inklusion.de\/index.php?rest_route=%2Fwp%2Fv2%2Fcategories&post=446"},{"taxonomy":"post_tag","embeddable":true,"href":"https:\/\/buendnis-inklusion.de\/index.php?rest_route=%2Fwp%2Fv2%2Ftags&post=446"}],"curies":[{"name":"wp","href":"https:\/\/api.w.org\/{rel}","templated":true}]}}