{"id":449,"date":"2015-03-01T18:20:36","date_gmt":"2015-03-01T16:20:36","guid":{"rendered":"http:\/\/buendnis-inklusion.de\/?p=449"},"modified":"2015-12-07T18:23:17","modified_gmt":"2015-12-07T16:23:17","slug":"449","status":"publish","type":"post","link":"https:\/\/buendnis-inklusion.de\/?p=449","title":{"rendered":"5. B\u00fcndnistreffen des Hamburger B\u00fcndnis f\u00fcr schulische Inklusion"},"content":{"rendered":"<p>Das n\u00e4chste B\u00fcndnistreffen findet am <strong>31. M\u00e4rz\u00a0<\/strong><strong>2015<\/strong>,\u00a019.00 \u2013 21.45 Uhr im Curio-Haus (Rothenbaumchaussee 15)\u00a0statt.<\/p>\n<p>Themen sind u.a. das Thema allesk\u00f6nner, Schwerpunktschulen\u00a0sowie weitere Planungen.<\/p>\n<p>&nbsp;<\/p>\n","protected":false},"excerpt":{"rendered":"<p>Das n\u00e4chste B\u00fcndnistreffen findet am 31. M\u00e4rz\u00a02015,\u00a019.00 \u2013 21.45 Uhr im Curio-Haus (Rothenbaumchaussee 15)\u00a0statt. Themen sind u.a. das Thema allesk\u00f6nner, Schwerpunktschulen\u00a0sowie weitere Planungen. &nbsp;<\/p>\n","protected":false},"author":1,"featured_media":0,"comment_status":"open","ping_status":"open","sticky":false,"template":"","format":"standard","meta":{"footnotes":""},"categories":[1],"tags":[],"_links":{"self":[{"href":"https:\/\/buendnis-inklusion.de\/index.php?rest_route=\/wp\/v2\/posts\/449"}],"collection":[{"href":"https:\/\/buendnis-inklusion.de\/index.php?rest_route=\/wp\/v2\/posts"}],"about":[{"href":"https:\/\/buendnis-inklusion.de\/index.php?rest_route=\/wp\/v2\/types\/post"}],"author":[{"embeddable":true,"href":"https:\/\/buendnis-inklusion.de\/index.php?rest_route=\/wp\/v2\/users\/1"}],"replies":[{"embeddable":true,"href":"https:\/\/buendnis-inklusion.de\/index.php?rest_route=%2Fwp%2Fv2%2Fcomments&post=449"}],"version-history":[{"count":2,"href":"https:\/\/buendnis-inklusion.de\/index.php?rest_route=\/wp\/v2\/posts\/449\/revisions"}],"predecessor-version":[{"id":451,"href":"https:\/\/buendnis-inklusion.de\/index.php?rest_route=\/wp\/v2\/posts\/449\/revisions\/451"}],"wp:attachment":[{"href":"https:\/\/buendnis-inklusion.de\/index.php?rest_route=%2Fwp%2Fv2%2Fmedia&parent=449"}],"wp:term":[{"taxonomy":"category","embeddable":true,"href":"https:\/\/buendnis-inklusion.de\/index.php?rest_route=%2Fwp%2Fv2%2Fcategories&post=449"},{"taxonomy":"post_tag","embeddable":true,"href":"https:\/\/buendnis-inklusion.de\/index.php?rest_route=%2Fwp%2Fv2%2Ftags&post=449"}],"curies":[{"name":"wp","href":"https:\/\/api.w.org\/{rel}","templated":true}]}}