{"id":453,"date":"2015-04-07T18:24:16","date_gmt":"2015-04-07T16:24:16","guid":{"rendered":"http:\/\/buendnis-inklusion.de\/?p=453"},"modified":"2015-12-07T18:28:36","modified_gmt":"2015-12-07T16:28:36","slug":"6-buendnistreffen-des-hamburger-buendnis-fuer-schulische-inklusion","status":"publish","type":"post","link":"https:\/\/buendnis-inklusion.de\/?p=453","title":{"rendered":"6. B\u00fcndnistreffen des Hamburger B\u00fcndnis f\u00fcr schulische Inklusion"},"content":{"rendered":"<p>Das n\u00e4chste B\u00fcndnistreffen findet am <strong>28. April\u00a0<\/strong><strong>2015<\/strong>, um 19.00 Uhr im\u00a0Landesinstitut f\u00fcr Lehrerfortbildung, Felix-Dahn-Stra\u00dfe \u00a0(R.102) statt.<\/p>\n<p>Themen sind u.a. das Thema\u00a0die\u00a0Koalitionsvereinbarungen sowie geplante\u00a0Aktivit\u00e4ten des B\u00fcndnisses\u00a0(u.a. der\u00a0Inklusionsfackel am\u00a05. Juni auf dem Rathausmarkt).<\/p>\n<p>&nbsp;<\/p>\n","protected":false},"excerpt":{"rendered":"<p>Das n\u00e4chste B\u00fcndnistreffen findet am 28. April\u00a02015, um 19.00 Uhr im\u00a0Landesinstitut f\u00fcr Lehrerfortbildung, Felix-Dahn-Stra\u00dfe \u00a0(R.102) statt. Themen sind u.a. das Thema\u00a0die\u00a0Koalitionsvereinbarungen sowie geplante\u00a0Aktivit\u00e4ten des B\u00fcndnisses\u00a0(u.a. der\u00a0Inklusionsfackel am\u00a05. Juni auf dem Rathausmarkt). &nbsp;<\/p>\n","protected":false},"author":1,"featured_media":0,"comment_status":"open","ping_status":"open","sticky":false,"template":"","format":"standard","meta":{"footnotes":""},"categories":[1],"tags":[],"_links":{"self":[{"href":"https:\/\/buendnis-inklusion.de\/index.php?rest_route=\/wp\/v2\/posts\/453"}],"collection":[{"href":"https:\/\/buendnis-inklusion.de\/index.php?rest_route=\/wp\/v2\/posts"}],"about":[{"href":"https:\/\/buendnis-inklusion.de\/index.php?rest_route=\/wp\/v2\/types\/post"}],"author":[{"embeddable":true,"href":"https:\/\/buendnis-inklusion.de\/index.php?rest_route=\/wp\/v2\/users\/1"}],"replies":[{"embeddable":true,"href":"https:\/\/buendnis-inklusion.de\/index.php?rest_route=%2Fwp%2Fv2%2Fcomments&post=453"}],"version-history":[{"count":1,"href":"https:\/\/buendnis-inklusion.de\/index.php?rest_route=\/wp\/v2\/posts\/453\/revisions"}],"predecessor-version":[{"id":454,"href":"https:\/\/buendnis-inklusion.de\/index.php?rest_route=\/wp\/v2\/posts\/453\/revisions\/454"}],"wp:attachment":[{"href":"https:\/\/buendnis-inklusion.de\/index.php?rest_route=%2Fwp%2Fv2%2Fmedia&parent=453"}],"wp:term":[{"taxonomy":"category","embeddable":true,"href":"https:\/\/buendnis-inklusion.de\/index.php?rest_route=%2Fwp%2Fv2%2Fcategories&post=453"},{"taxonomy":"post_tag","embeddable":true,"href":"https:\/\/buendnis-inklusion.de\/index.php?rest_route=%2Fwp%2Fv2%2Ftags&post=453"}],"curies":[{"name":"wp","href":"https:\/\/api.w.org\/{rel}","templated":true}]}}