{"id":455,"date":"2015-05-02T18:28:50","date_gmt":"2015-05-02T16:28:50","guid":{"rendered":"http:\/\/buendnis-inklusion.de\/?p=455"},"modified":"2015-12-07T18:36:26","modified_gmt":"2015-12-07T16:36:26","slug":"7-buendnistreffen-des-hamburger-buendnis-fuer-schulische-inklusion","status":"publish","type":"post","link":"https:\/\/buendnis-inklusion.de\/?p=455","title":{"rendered":"7. B\u00fcndnistreffen des Hamburger B\u00fcndnis f\u00fcr schulische Inklusion"},"content":{"rendered":"<p>Das n\u00e4chste B\u00fcndnistreffen findet am <strong>26. Mai\u00a0<\/strong><strong>2015\u00a0<\/strong>um\u00a019.00 Uhr im Curio-Haus (Rothenbaumchaussee 15)\u00a0statt.<\/p>\n<p>Themen sind u.a. das Thema Positionspapier f\u00fcr die Inklusion\u00a0h\u00f6rgesch\u00e4digter Sch\u00fclerInnen und\u00a0Ressourcenk\u00fcrzungen im F\u00f6rderbereich LSE.<\/p>\n","protected":false},"excerpt":{"rendered":"<p>Das n\u00e4chste B\u00fcndnistreffen findet am 26. Mai\u00a02015\u00a0um\u00a019.00 Uhr im Curio-Haus (Rothenbaumchaussee 15)\u00a0statt. Themen sind u.a. das Thema Positionspapier f\u00fcr die Inklusion\u00a0h\u00f6rgesch\u00e4digter Sch\u00fclerInnen und\u00a0Ressourcenk\u00fcrzungen im F\u00f6rderbereich LSE.<\/p>\n","protected":false},"author":1,"featured_media":0,"comment_status":"open","ping_status":"open","sticky":false,"template":"","format":"standard","meta":{"footnotes":""},"categories":[1],"tags":[],"_links":{"self":[{"href":"https:\/\/buendnis-inklusion.de\/index.php?rest_route=\/wp\/v2\/posts\/455"}],"collection":[{"href":"https:\/\/buendnis-inklusion.de\/index.php?rest_route=\/wp\/v2\/posts"}],"about":[{"href":"https:\/\/buendnis-inklusion.de\/index.php?rest_route=\/wp\/v2\/types\/post"}],"author":[{"embeddable":true,"href":"https:\/\/buendnis-inklusion.de\/index.php?rest_route=\/wp\/v2\/users\/1"}],"replies":[{"embeddable":true,"href":"https:\/\/buendnis-inklusion.de\/index.php?rest_route=%2Fwp%2Fv2%2Fcomments&post=455"}],"version-history":[{"count":1,"href":"https:\/\/buendnis-inklusion.de\/index.php?rest_route=\/wp\/v2\/posts\/455\/revisions"}],"predecessor-version":[{"id":456,"href":"https:\/\/buendnis-inklusion.de\/index.php?rest_route=\/wp\/v2\/posts\/455\/revisions\/456"}],"wp:attachment":[{"href":"https:\/\/buendnis-inklusion.de\/index.php?rest_route=%2Fwp%2Fv2%2Fmedia&parent=455"}],"wp:term":[{"taxonomy":"category","embeddable":true,"href":"https:\/\/buendnis-inklusion.de\/index.php?rest_route=%2Fwp%2Fv2%2Fcategories&post=455"},{"taxonomy":"post_tag","embeddable":true,"href":"https:\/\/buendnis-inklusion.de\/index.php?rest_route=%2Fwp%2Fv2%2Ftags&post=455"}],"curies":[{"name":"wp","href":"https:\/\/api.w.org\/{rel}","templated":true}]}}