{"id":519,"date":"2016-03-18T10:57:08","date_gmt":"2016-03-18T08:57:08","guid":{"rendered":"http:\/\/buendnis-inklusion.de\/?p=519"},"modified":"2016-10-12T14:25:25","modified_gmt":"2016-10-12T12:25:25","slug":"fachtagung-inklusion-wie-koennen-kinder-mit-dem-foerderschwerpunkt-geistige-entwicklung-gemeinsam-mit-den-anderen-schuelerinnen-ihre-potentiale-entfalten-konzepte-und-praxisbeispiele","status":"publish","type":"post","link":"https:\/\/buendnis-inklusion.de\/?p=519","title":{"rendered":"Fachtagung Inklusion: Wie k\u00f6nnen Kinder mit dem F\u00f6rderschwerpunkt geistige Entwicklung gemeinsam mit den anderen Sch\u00fclerInnen ihre Potentiale entfalten?"},"content":{"rendered":"<p>Das Hamburger B\u00fcndnis f\u00fcr schulische Inklusion l\u00e4dt zur Fachtagung am am\u00a0<b>8. \/9. April 2016 in die Erich-K\u00e4stner-Schule Hamburg ein.<!--more--><\/b><\/p>\n<p>Im Mittelpunkt stehen\u00a0Konzepte und Praxisbeispiele aus inklusiven Schule, wie\u00a0Kinder mit<br \/>\ndem F\u00f6rderschwerpunkt geistige Entwicklung gemeinsam mit den anderen\u00a0Sch\u00fcler\/innen zusammen lernen und ihre Potentiale entfalten k\u00f6nnen.<\/p>\n<p>Ab dem 20.02.16 k\u00f6nnen Sie sich f\u00fcr die Workshops anmelden. Fr\u00fche Anmeldung sichert einen Teilnahme-Platz.<\/p>\n<p>Die Schulbeh\u00f6rde Hamburg\u00a0bef\u00fcrwortet eine Teilnahme und spricht sich f\u00fcr die Anerkennung der Veranstaltungen als Fortbildung\u00a0durch die Schulleitung aus. Die Teilnahme an allen Tagungsveranstaltungen entspricht sechs Fortbildungsstunden.<\/p>\n<p><a href=\"http:\/\/buendnis-inklusion.de\/wp-content\/uploads\/2016\/02\/B\u00fcndnis-Fachtagung.jpg\" rel=\"attachment wp-att-554\"><img loading=\"lazy\" decoding=\"async\" class=\"alignleft size-medium wp-image-554\" src=\"http:\/\/buendnis-inklusion.de\/wp-content\/uploads\/2016\/02\/B\u00fcndnis-Fachtagung-300x136.jpg\" alt=\"Fachtagung F\u00f6rderschwerpunkt Geistige Entwicklung\" width=\"300\" height=\"136\" srcset=\"https:\/\/buendnis-inklusion.de\/wp-content\/uploads\/2016\/02\/B\u00fcndnis-Fachtagung-300x136.jpg 300w, https:\/\/buendnis-inklusion.de\/wp-content\/uploads\/2016\/02\/B\u00fcndnis-Fachtagung-768x349.jpg 768w, https:\/\/buendnis-inklusion.de\/wp-content\/uploads\/2016\/02\/B\u00fcndnis-Fachtagung-1024x466.jpg 1024w, https:\/\/buendnis-inklusion.de\/wp-content\/uploads\/2016\/02\/B\u00fcndnis-Fachtagung-624x284.jpg 624w, https:\/\/buendnis-inklusion.de\/wp-content\/uploads\/2016\/02\/B\u00fcndnis-Fachtagung.jpg 1121w\" sizes=\"(max-width: 300px) 100vw, 300px\" \/><\/a><\/p>\n<p>&nbsp;<\/p>\n<p><span style=\"text-decoration: underline;\"><strong>Programm\u00fcbersicht (Hier als <a href=\"http:\/\/buendnis-inklusion.de\/wp-content\/uploads\/2016\/02\/b\u00fcndnis-inklusion_Fachtagung-.pdf\" rel=\"\">pdf<\/a>)<\/strong><\/span>:<!--more--><\/p>\n<h2>Freitag 8.4.2016<\/h2>\n<p><span style=\"font-family: Calibri,serif;\"><span style=\"font-size: small;\"><span style=\"font-size: medium;\">15.30 \u2013 15.45 <\/span><span style=\"font-size: medium;\">Er\u00f6ffnung<\/span> <\/span><\/span><\/p>\n<p><span style=\"font-family: Calibri,serif;\"><span style=\"font-size: small;\"><span style=\"font-size: medium;\">15.45-17.15 <\/span><strong><span style=\"font-size: medium;\">Referat<\/span><\/strong><span style=\"font-size: medium;\"><strong> Prof. Zimpel, Universit\u00e4t Hamburg<\/strong>: Welche P\u00e4dagogik und Didaktik ben\u00f6tigt eine inklusive Schule, damit Kinder mit dem F\u00f6rderschwerpunkt geistige Entwicklung gemeinsam mit den anderen Sch\u00fcler\/innen ihre Potentiale entfalten k\u00f6nnen?<\/span><\/span><\/span><\/p>\n<p><span style=\"font-family: Calibri,serif;\"><span style=\"font-size: small;\"><span style=\"font-size: medium;\"><span lang=\"en-US\"><i>17.15 \u2013 17.30 Pause <\/i><\/span><\/span><\/span><\/span><\/p>\n<p><span style=\"font-family: Calibri,serif;\"><span style=\"font-size: small;\"><span style=\"font-size: medium;\"><span lang=\"en-US\">17.30 \u2013 19.00 <\/span><\/span><span style=\"font-size: medium;\"><span lang=\"en-US\"><b>Workshops\/AGs <\/b><\/span><\/span><span style=\"font-size: medium;\"><span lang=\"en-US\"> (zur Themen\u00fcbersicht im <a href=\"http:\/\/buendnis-inklusion.de\/wp-content\/uploads\/2016\/02\/b\u00fcndnis-inklusion_Fachtagung-.pdf\" rel=\"\">pdf<\/a> &#8211; zur <a href=\"http:\/\/buendnis-inklusion.de\/?page_id=496\">Anmeldung hier<\/a>)<br \/>\n<\/span><\/span><\/span><\/span><\/p>\n<ul>\n<li><span style=\"font-family: Calibri,serif;\"><span style=\"font-size: small;\"><i> <\/i><span style=\"font-size: medium;\">Praxisbeispiele aus Grund- und Stadtteilschulen und anderen Bundesl\u00e4ndern<\/span><\/span><\/span><\/li>\n<li><span style=\"font-family: Calibri,serif;\"><span style=\"font-size: small;\"><span style=\"font-size: medium;\">\u00a0Exemplarische Unterrichtsplanung f\u00fcr verschiedene F\u00e4cher<\/span><\/span><\/span><\/li>\n<\/ul>\n<p><span style=\"font-family: Calibri,serif;\"><span style=\"font-size: small;\"><span style=\"font-size: medium;\"><i>19.00 \u2013 20.00 <\/i><\/span><span style=\"font-size: medium;\"><i><b>Ausklang bei Snacks und Getr\u00e4nken <\/b><\/i><\/span><\/span><\/span><\/p>\n<h2>Sonnabend 9.4.2016<\/h2>\n<p><span style=\"font-family: Calibri,serif;\"><span style=\"font-size: small;\"><span style=\"font-size: medium;\">9.30 \u2013 10.00 <\/span><span style=\"font-size: medium;\"><i><b>Offene Eingangsphase <\/b><\/i><\/span><span style=\"font-size: medium;\">mit Kaffee, Tee und Geb\u00e4ck <\/span><\/span><\/span><\/p>\n<p><span style=\"font-family: Calibri,serif;\"><span style=\"font-size: small;\"><span style=\"font-size: medium;\"><span lang=\"en-US\">10.00 \u2013 11.30 <\/span><\/span><span style=\"font-size: medium;\"><span lang=\"en-US\"><b>Workshops\/AGS <\/b><\/span><\/span><span style=\"font-size: medium;\"><span lang=\"en-US\"> (zur Themen\u00fcbersicht im <a href=\"http:\/\/buendnis-inklusion.de\/wp-content\/uploads\/2016\/02\/b\u00fcndnis-inklusion_Fachtagung-.pdf\" rel=\"\">pdf<\/a> &#8211; zur <a href=\"http:\/\/buendnis-inklusion.de\/?page_id=496\">Anmeldung hier<\/a>)<br \/>\n<\/span><\/span><\/span><\/span><\/p>\n<ul>\n<li><span style=\"font-family: Calibri,serif;\"><span style=\"font-size: small;\"><i>\u00a0<\/i><span style=\"font-size: medium;\">Praxisbeispiele aus Grund- und Stadtteilschulen und anderen Bundesl\u00e4ndern<\/span><\/span><\/span><\/li>\n<li><span style=\"font-family: Calibri,serif;\"><span style=\"font-size: small;\"><span style=\"font-size: medium;\">\u00a0Exemplarische Unterrichtsplanung f\u00fcr verschiedene F\u00e4cher<\/span><\/span><\/span><\/li>\n<\/ul>\n<p><span style=\"font-family: Calibri,serif;\"><span style=\"font-size: small;\"><span style=\"font-size: medium;\"><i>11.30 \u2013 12.00 Pause <\/i><\/span><\/span><\/span><\/p>\n<p><span style=\"font-family: Calibri,serif;\"><span style=\"font-size: small;\"><span style=\"font-size: medium;\">12.00 &#8211; 13.30 <\/span><span style=\"font-size: medium;\"><b>Podiumsdiskussion mit Fishbowl <\/b><\/span><span style=\"font-size: medium;\">(LI, Uni, BSB, P\u00e4dagogInnen, Eltern, B\u00fcndnis)<\/span><\/span><\/span><\/p>\n<ul>\n<li><span style=\"font-family: Calibri,serif;\"><span style=\"font-size: small;\"><span style=\"font-size: medium;\">Wo stehen wir in der praktischen Umsetzung in Hamburg bzgl. des Veranstaltungsthemas?<\/span><\/span><\/span><\/li>\n<li><span style=\"font-family: Calibri,serif;\"><span style=\"font-size: small;\"><span style=\"font-size: medium;\">Was ben\u00f6tigen die Schulen, um in der praktischen Umsetzung weiter zu kommen?<\/span><\/span><\/span><\/li>\n<li><span style=\"font-family: Calibri,serif;\"><span style=\"font-size: small;\"><span style=\"font-size: medium;\">Was k\u00f6nnen das Landesinstitut, die BSB und die Universit\u00e4t dazu beitragen?<\/span><\/span><\/span><\/li>\n<li><span style=\"font-family: Calibri,serif;\"><span style=\"font-size: small;\"><span style=\"font-size: medium;\">Welche bildungspolitischen Rahmenbedingungen sind wichtig? <\/span><\/span><\/span><\/li>\n<\/ul>\n<p><span style=\"font-family: Calibri,serif;\"><span style=\"font-size: small;\"><span style=\"font-size: medium;\"><i>13.30 \u2013 14.30 <\/i><\/span><span style=\"font-size: medium;\"><i><b>Ausklang bei Snacks und Getr\u00e4nken<\/b><\/i><\/span><\/span><\/span><\/p>\n","protected":false},"excerpt":{"rendered":"<p>Das Hamburger B\u00fcndnis f\u00fcr schulische Inklusion l\u00e4dt zur Fachtagung am am\u00a08. \/9. April 2016 in die Erich-K\u00e4stner-Schule Hamburg ein.<\/p>\n","protected":false},"author":1,"featured_media":0,"comment_status":"open","ping_status":"open","sticky":false,"template":"","format":"standard","meta":{"footnotes":""},"categories":[1],"tags":[18,21,20,19,3],"_links":{"self":[{"href":"https:\/\/buendnis-inklusion.de\/index.php?rest_route=\/wp\/v2\/posts\/519"}],"collection":[{"href":"https:\/\/buendnis-inklusion.de\/index.php?rest_route=\/wp\/v2\/posts"}],"about":[{"href":"https:\/\/buendnis-inklusion.de\/index.php?rest_route=\/wp\/v2\/types\/post"}],"author":[{"embeddable":true,"href":"https:\/\/buendnis-inklusion.de\/index.php?rest_route=\/wp\/v2\/users\/1"}],"replies":[{"embeddable":true,"href":"https:\/\/buendnis-inklusion.de\/index.php?rest_route=%2Fwp%2Fv2%2Fcomments&post=519"}],"version-history":[{"count":16,"href":"https:\/\/buendnis-inklusion.de\/index.php?rest_route=\/wp\/v2\/posts\/519\/revisions"}],"predecessor-version":[{"id":698,"href":"https:\/\/buendnis-inklusion.de\/index.php?rest_route=\/wp\/v2\/posts\/519\/revisions\/698"}],"wp:attachment":[{"href":"https:\/\/buendnis-inklusion.de\/index.php?rest_route=%2Fwp%2Fv2%2Fmedia&parent=519"}],"wp:term":[{"taxonomy":"category","embeddable":true,"href":"https:\/\/buendnis-inklusion.de\/index.php?rest_route=%2Fwp%2Fv2%2Fcategories&post=519"},{"taxonomy":"post_tag","embeddable":true,"href":"https:\/\/buendnis-inklusion.de\/index.php?rest_route=%2Fwp%2Fv2%2Ftags&post=519"}],"curies":[{"name":"wp","href":"https:\/\/api.w.org\/{rel}","templated":true}]}}