{"id":590,"date":"2016-06-09T21:43:49","date_gmt":"2016-06-09T19:43:49","guid":{"rendered":"http:\/\/buendnis-inklusion.de\/?p=590"},"modified":"2016-10-12T14:24:18","modified_gmt":"2016-10-12T12:24:18","slug":"ankuendigung-der-zweiten-fachtagung-inklusion-in-schulen-foerderschwerpunkt-autismus","status":"publish","type":"post","link":"https:\/\/buendnis-inklusion.de\/?p=590","title":{"rendered":"Zweite Fachtagung zur Inklusion in Schulen &#8211; F\u00f6rderschwerpunkt Autismus"},"content":{"rendered":"<p>Das Hamburger B\u00fcndnis f\u00fcr schulische Inklusion l\u00e4dt zur zweiten Fachtagung<strong> am 7.\/8. Oktober 2016 in die Erich-K\u00e4stner-Schule in Hamburg<\/strong> ein.<!--more--><\/p>\n<p><strong>Wegen der hohen Anmeldezahl werden die <span style=\"color: #ff0000;\">Referate am Fr 7.10. von 15.30 \u2013 19.30 Uhr von Prof. Zimpel und Nicole Schuster in die Universit\u00e4t H\u00f6rsaal Phil D, Philosophenturm, Von-Melle-Park 6, 20146 Hamburg<\/span> verlegt, damit alle Interessierten teilnehmen k\u00f6nnen.<\/strong><\/p>\n<p><strong>Das Programm am Sa 8.10.16 findet weiterhin in der Erich K\u00e4stner Schule, Hermelinweg 10, 22159 Hamburg statt.\u00a0<span style=\"color: #ff0000;\">Achtung: Anmeldung nur noch bis zum 30.09. m\u00f6glich!\u00a0<\/span><\/strong><\/p>\n<p><span style=\"color: #ff0000;\"><strong>\u00a0<\/strong><\/span><\/p>\n<div>\u00a0<a href=\"http:\/\/buendnis-inklusion.de\/wp-content\/uploads\/2016\/06\/Plakat_Oktober.jpg\" rel=\"attachment wp-att-628\"><img loading=\"lazy\" decoding=\"async\" class=\"alignleft size-medium wp-image-628\" src=\"http:\/\/buendnis-inklusion.de\/wp-content\/uploads\/2016\/06\/Plakat_Oktober-213x300.jpg\" alt=\"Plakat_Oktober\" width=\"213\" height=\"300\" srcset=\"https:\/\/buendnis-inklusion.de\/wp-content\/uploads\/2016\/06\/Plakat_Oktober-213x300.jpg 213w, https:\/\/buendnis-inklusion.de\/wp-content\/uploads\/2016\/06\/Plakat_Oktober-768x1083.jpg 768w, https:\/\/buendnis-inklusion.de\/wp-content\/uploads\/2016\/06\/Plakat_Oktober-726x1024.jpg 726w, https:\/\/buendnis-inklusion.de\/wp-content\/uploads\/2016\/06\/Plakat_Oktober-624x880.jpg 624w, https:\/\/buendnis-inklusion.de\/wp-content\/uploads\/2016\/06\/Plakat_Oktober.jpg 1669w\" sizes=\"(max-width: 213px) 100vw, 213px\" \/><\/a><\/div>\n<p>&nbsp;<\/p>\n<p>Diese Tagung wird in Kooperation mit dem Landesinstitut f\u00fcr Lehrerbildung und Schulentwicklung\u00a0sowie Autismus Hamburg e.V. durchgef\u00fchrt.\u00a0Sie richtet sich an P\u00e4dagogInnen und Eltern. Die Teilnahme ist kostenlos.<\/p>\n<p>Im Mittelpunkt stehen\u00a0Forschungsergebnisse, Konzepte und Praxisbeispiele aus inklusiven Schulen, wie\u00a0Kinder mit\u00a0dem F\u00f6rderschwerpunkt Autismus\u00a0gemeinsam mit anderen\u00a0Sch\u00fcler\/innen zusammen lernen und ihre Potentiale entfalten k\u00f6nnen. Prof. Zimpel wird wieder den Er\u00f6ffnungsvortrag halten.<!--more--><\/p>\n<div><\/div>\n<p>Ab dem 4. Juli 2016 k\u00f6nnen\u00a0Sie sich auf unserer Webseite f\u00fcr die Teilnahme an der Fachtagung und die einzelnen Workshops <a href=\"http:\/\/buendnis-inklusion.de\/?page_id=496\">anmelden<\/a>.<\/p>\n<div class=\"t pg-1m0 pg-1x0 pg-1h4 pg-1y8 pg-1ff3 pg-1fs1 pg-1fc1 pg-1sc0 pg-1ls0 pg-1ws0\"><\/div>\n<div class=\"t pg-1m0 pg-1x0 pg-1h4 pg-1y8 pg-1ff3 pg-1fs1 pg-1fc1 pg-1sc0 pg-1ls0 pg-1ws0\">Hier eine Vorschau auf das Programm:\u00a0<a href=\"http:\/\/buendnis-inklusion.de\/wp-content\/uploads\/2016\/07\/Flyer_Veranstaltung_Autismus-.pdf\" rel=\"\">Programmflyer_Veranstaltung_Autismus<\/a><\/div>\n<div class=\"d pg-1m1\"><\/div>\n<div class=\"d pg-1m1\"><\/div>\n","protected":false},"excerpt":{"rendered":"<p>Das Hamburger B\u00fcndnis f\u00fcr schulische Inklusion l\u00e4dt zur zweiten Fachtagung am 7.\/8. Oktober 2016 in die Erich-K\u00e4stner-Schule in Hamburg ein.<\/p>\n","protected":false},"author":1,"featured_media":0,"comment_status":"open","ping_status":"open","sticky":false,"template":"","format":"standard","meta":{"footnotes":""},"categories":[1],"tags":[],"_links":{"self":[{"href":"https:\/\/buendnis-inklusion.de\/index.php?rest_route=\/wp\/v2\/posts\/590"}],"collection":[{"href":"https:\/\/buendnis-inklusion.de\/index.php?rest_route=\/wp\/v2\/posts"}],"about":[{"href":"https:\/\/buendnis-inklusion.de\/index.php?rest_route=\/wp\/v2\/types\/post"}],"author":[{"embeddable":true,"href":"https:\/\/buendnis-inklusion.de\/index.php?rest_route=\/wp\/v2\/users\/1"}],"replies":[{"embeddable":true,"href":"https:\/\/buendnis-inklusion.de\/index.php?rest_route=%2Fwp%2Fv2%2Fcomments&post=590"}],"version-history":[{"count":23,"href":"https:\/\/buendnis-inklusion.de\/index.php?rest_route=\/wp\/v2\/posts\/590\/revisions"}],"predecessor-version":[{"id":696,"href":"https:\/\/buendnis-inklusion.de\/index.php?rest_route=\/wp\/v2\/posts\/590\/revisions\/696"}],"wp:attachment":[{"href":"https:\/\/buendnis-inklusion.de\/index.php?rest_route=%2Fwp%2Fv2%2Fmedia&parent=590"}],"wp:term":[{"taxonomy":"category","embeddable":true,"href":"https:\/\/buendnis-inklusion.de\/index.php?rest_route=%2Fwp%2Fv2%2Fcategories&post=590"},{"taxonomy":"post_tag","embeddable":true,"href":"https:\/\/buendnis-inklusion.de\/index.php?rest_route=%2Fwp%2Fv2%2Ftags&post=590"}],"curies":[{"name":"wp","href":"https:\/\/api.w.org\/{rel}","templated":true}]}}