{"id":672,"date":"2016-09-25T20:39:18","date_gmt":"2016-09-25T18:39:18","guid":{"rendered":"http:\/\/buendnis-inklusion.de\/?p=672"},"modified":"2016-09-25T20:39:18","modified_gmt":"2016-09-25T18:39:18","slug":"wie-sieht-erfolgreiche-inklusion-fuer-hoergeschaedigte-schueler-aus","status":"publish","type":"post","link":"https:\/\/buendnis-inklusion.de\/?p=672","title":{"rendered":"Wie sieht erfolgreiche Inklusion f\u00fcr h\u00f6rgesch\u00e4digte Sch\u00fcler aus?"},"content":{"rendered":"<p>Unsere B\u00fcndnispartner, der Geh\u00f6rlosenverband Hamburg und die Elbschuleltern\u00a0laden herzlich zur \u00a0Fortsetzung der Hamburger Inklusionsveranstaltungsreihe ein:<\/p>\n<p><strong>Welche Aspekte sprechen f\u00fcr eine erfolgreiche Inklusion h\u00f6rbehinderter Sch\u00fclerInnen?<\/strong><\/p>\n<p>Die Veranstaltung findet\u00a0am Samstag, den 5. November 2016 in der Stadtteilschule Hamburg Mitte (Rostocker Stra\u00dfe 41, 20099 Hamburg) statt &#8211; von 9.30-15.30 Uhr.<\/p>\n<p>Es werden Gelingensfaktoren im Rahmen der schulischen Inklusion sowie\u00a0die Ver\u00e4nderungen seit 2012 im Fokus stehen. Mehr Informationen zum Programm hier:\u00a0<a href=\"http:\/\/buendnis-inklusion.de\/wp-content\/uploads\/2016\/09\/2016_11_05_Inklusionsveranstaltung.pdf\">Programm der Inklusionsveranstaltung am 5. November<\/a><a href=\"http:\/\/buendnis-inklusion.de\/wp-content\/uploads\/2016\/09\/2016_11_05_Inklusionsveranstaltung.pdf\" rel=\"\">Inklusionsveranstaltung am 5. November 2016<\/a><\/p>\n","protected":false},"excerpt":{"rendered":"<p>Unsere B\u00fcndnispartner, der Geh\u00f6rlosenverband Hamburg und die Elbschuleltern\u00a0laden herzlich zur \u00a0Fortsetzung der Hamburger Inklusionsveranstaltungsreihe ein: Welche Aspekte sprechen f\u00fcr eine erfolgreiche Inklusion h\u00f6rbehinderter Sch\u00fclerInnen? Die Veranstaltung findet\u00a0am Samstag, den 5. November 2016 in der Stadtteilschule Hamburg Mitte (Rostocker Stra\u00dfe 41, 20099 Hamburg) statt &#8211; von 9.30-15.30 Uhr. Es werden Gelingensfaktoren im Rahmen der schulischen Inklusion [&hellip;]<\/p>\n","protected":false},"author":1,"featured_media":0,"comment_status":"open","ping_status":"open","sticky":false,"template":"","format":"standard","meta":{"footnotes":""},"categories":[1],"tags":[],"_links":{"self":[{"href":"https:\/\/buendnis-inklusion.de\/index.php?rest_route=\/wp\/v2\/posts\/672"}],"collection":[{"href":"https:\/\/buendnis-inklusion.de\/index.php?rest_route=\/wp\/v2\/posts"}],"about":[{"href":"https:\/\/buendnis-inklusion.de\/index.php?rest_route=\/wp\/v2\/types\/post"}],"author":[{"embeddable":true,"href":"https:\/\/buendnis-inklusion.de\/index.php?rest_route=\/wp\/v2\/users\/1"}],"replies":[{"embeddable":true,"href":"https:\/\/buendnis-inklusion.de\/index.php?rest_route=%2Fwp%2Fv2%2Fcomments&post=672"}],"version-history":[{"count":1,"href":"https:\/\/buendnis-inklusion.de\/index.php?rest_route=\/wp\/v2\/posts\/672\/revisions"}],"predecessor-version":[{"id":674,"href":"https:\/\/buendnis-inklusion.de\/index.php?rest_route=\/wp\/v2\/posts\/672\/revisions\/674"}],"wp:attachment":[{"href":"https:\/\/buendnis-inklusion.de\/index.php?rest_route=%2Fwp%2Fv2%2Fmedia&parent=672"}],"wp:term":[{"taxonomy":"category","embeddable":true,"href":"https:\/\/buendnis-inklusion.de\/index.php?rest_route=%2Fwp%2Fv2%2Fcategories&post=672"},{"taxonomy":"post_tag","embeddable":true,"href":"https:\/\/buendnis-inklusion.de\/index.php?rest_route=%2Fwp%2Fv2%2Ftags&post=672"}],"curies":[{"name":"wp","href":"https:\/\/api.w.org\/{rel}","templated":true}]}}