{"id":701,"date":"2016-10-12T09:30:50","date_gmt":"2016-10-12T07:30:50","guid":{"rendered":"http:\/\/buendnis-inklusion.de\/?p=701"},"modified":"2017-02-14T09:21:32","modified_gmt":"2017-02-14T07:21:32","slug":"fachtagung-autismus-ein-erfolg-mit-ueber-400-teilnehmenden","status":"publish","type":"post","link":"https:\/\/buendnis-inklusion.de\/?p=701","title":{"rendered":"Fachtagung Autismus &#8211; ein Erfolg mit \u00fcber 400 Teilnehmenden!"},"content":{"rendered":"<p>Das Hamburger B\u00fcndnis f\u00fcr schulische Inklusion lud am 7. und 8. Oktober 2016 zur zweiten Fachtagung in Hamburg ein. Nachdem auf der ersten Fachtagung im Fr\u00fchjahr 2016 der F\u00f6rderschwerpunkt geistige Entwicklung im Mittelpunkt stand, ging es diesmal um das Thema \u201eWie k\u00f6nnen Kinder und Jugendliche mit Autismus gemeinsam mit anderen Sch\u00fclerInnen ihre Potentiale entwickeln?\u201c.<\/p>\n<div id=\"attachment_705\" style=\"width: 310px\" class=\"wp-caption alignright\"><a href=\"http:\/\/buendnis-inklusion.de\/wp-content\/uploads\/2016\/10\/Vortrag_Prof_Zimpel1.jpg\"><img loading=\"lazy\" decoding=\"async\" aria-describedby=\"caption-attachment-705\" class=\"size-medium wp-image-705\" src=\"http:\/\/buendnis-inklusion.de\/wp-content\/uploads\/2016\/10\/Vortrag_Prof_Zimpel1-300x188.jpg\" alt=\"Prof. Zimpel erkl\u00e4rt an der Tafel Zusammenh\u00e4nge auf der Fachtagung Autismus in der Uni Hamburg.\" width=\"300\" height=\"188\" srcset=\"https:\/\/buendnis-inklusion.de\/wp-content\/uploads\/2016\/10\/Vortrag_Prof_Zimpel1-300x188.jpg 300w, https:\/\/buendnis-inklusion.de\/wp-content\/uploads\/2016\/10\/Vortrag_Prof_Zimpel1-768x480.jpg 768w, https:\/\/buendnis-inklusion.de\/wp-content\/uploads\/2016\/10\/Vortrag_Prof_Zimpel1-624x390.jpg 624w, https:\/\/buendnis-inklusion.de\/wp-content\/uploads\/2016\/10\/Vortrag_Prof_Zimpel1.jpg 900w\" sizes=\"(max-width: 300px) 100vw, 300px\" \/><\/a><p id=\"caption-attachment-705\" class=\"wp-caption-text\">Vortrag von Prof. Zimpel<\/p><\/div>\n<p>Die Tagung wurde erstmals in Kooperation mit dem Landesinstitut f\u00fcr Lehrerbildung und Schulentwicklung sowie Autismus Hamburg e.V. durchgef\u00fchrt. Sie wurde dar\u00fcber hinaus von der Beratungsstelle Autismus konzeptionell und durch Beitr\u00e4ge auf der Fachtagung unterst\u00fctzt. Die Fachtagung richtete sich haupts\u00e4chlich an P\u00e4dagogInnen und Eltern.<\/p>\n<p><!--more-->Im Mittelpunkt standen Forschungsergebnisse, Konzepte und Praxisbeispiele aus inklusiven Schulen, wie Kinder mit dem F\u00f6rderschwerpunkt Autismus gemeinsam mit anderen Sch\u00fcler\/innen zusammen lernen und ihre Potentiale entfalten k\u00f6nnen. Die Er\u00f6ffnungsvortr\u00e4ge wurden von Prof. Zimpel und Nicole Schuster gehalten. In einem Gru\u00dfwort wandte sich Frau Dr. Ehlers an die TeilnehmerInnen.<\/p>\n<div id=\"attachment_704\" style=\"width: 310px\" class=\"wp-caption alignright\"><a href=\"http:\/\/buendnis-inklusion.de\/wp-content\/uploads\/2016\/10\/Katzer_Ehlers1.jpg\"><img loading=\"lazy\" decoding=\"async\" aria-describedby=\"caption-attachment-704\" class=\"size-medium wp-image-704\" src=\"http:\/\/buendnis-inklusion.de\/wp-content\/uploads\/2016\/10\/Katzer_Ehlers1-300x294.jpg\" alt=\"Frau Dr. Ehlers und Pit Katzer im Gespr\u00e4ch zwischen anderen Besuchern der Fachtagung Inklusion.\" width=\"300\" height=\"294\" srcset=\"https:\/\/buendnis-inklusion.de\/wp-content\/uploads\/2016\/10\/Katzer_Ehlers1-300x294.jpg 300w, https:\/\/buendnis-inklusion.de\/wp-content\/uploads\/2016\/10\/Katzer_Ehlers1-768x753.jpg 768w, https:\/\/buendnis-inklusion.de\/wp-content\/uploads\/2016\/10\/Katzer_Ehlers1-624x612.jpg 624w, https:\/\/buendnis-inklusion.de\/wp-content\/uploads\/2016\/10\/Katzer_Ehlers1.jpg 900w\" sizes=\"(max-width: 300px) 100vw, 300px\" \/><\/a><p id=\"caption-attachment-704\" class=\"wp-caption-text\">Frau Dr. Ehlers und Pit Katzer im Gespr\u00e4ch<\/p><\/div>\n<p>Aufgrund des gro\u00dfen Interesses und der hohen Anmeldezahlen, wurden die Referate von Prof. Zimpel und Nicole Schuster am Freitag in die Universit\u00e4t Hamburg verlegt. Das Programm am Samstag fand wie geplant in der Erich K\u00e4stner Schule statt. Der Samstag wurde mit einem Referat von Dr. Birger Siebert von der Beratungsstelle Autismus eingeleitet. Danach gingen die Teilnehmer in zwei Runden in die einzelnen Workshops.<\/p>\n<p>\u00dcber 400 Interessierte, P\u00e4dagogInnen, Eltern, \u00c4rztInnen, TherpeutInnen und SchulbegleiterInnen nahmen an den verschiedenen Veranstaltungen teil. Die Mischung der TeilnehmerInnen (von Eltern bis SchulleiterInnen) in den Workshops wurde, wie schon bei der ersten Tagung, von vielen TeilnehmerInnen als besonders bereichernd empfunden. Auch der Einbezug von AutistInnen als Rereferentin bzw. WorkshopleiterInnen wurde sehr positiv bewertet.<\/p>\n<p>Die Veranstaltung war ein gro\u00dfer Erfolg und alle Beteiligten konnten neue Anregungen und Erfahrungen mit nach Hause nehmen. Die Veranstaltungsreihe wird 2017 fortgesetzt.<\/p>\n","protected":false},"excerpt":{"rendered":"<p>Das Hamburger B\u00fcndnis f\u00fcr schulische Inklusion lud am 7. und 8. Oktober 2016 zur zweiten Fachtagung in Hamburg ein. Nachdem auf der ersten Fachtagung im Fr\u00fchjahr 2016 der F\u00f6rderschwerpunkt geistige Entwicklung im Mittelpunkt stand, ging es diesmal um das Thema \u201eWie k\u00f6nnen Kinder und Jugendliche mit Autismus gemeinsam mit anderen Sch\u00fclerInnen ihre Potentiale entwickeln?\u201c. Die [&hellip;]<\/p>\n","protected":false},"author":1,"featured_media":0,"comment_status":"open","ping_status":"open","sticky":false,"template":"","format":"standard","meta":{"footnotes":""},"categories":[1],"tags":[],"_links":{"self":[{"href":"https:\/\/buendnis-inklusion.de\/index.php?rest_route=\/wp\/v2\/posts\/701"}],"collection":[{"href":"https:\/\/buendnis-inklusion.de\/index.php?rest_route=\/wp\/v2\/posts"}],"about":[{"href":"https:\/\/buendnis-inklusion.de\/index.php?rest_route=\/wp\/v2\/types\/post"}],"author":[{"embeddable":true,"href":"https:\/\/buendnis-inklusion.de\/index.php?rest_route=\/wp\/v2\/users\/1"}],"replies":[{"embeddable":true,"href":"https:\/\/buendnis-inklusion.de\/index.php?rest_route=%2Fwp%2Fv2%2Fcomments&post=701"}],"version-history":[{"count":6,"href":"https:\/\/buendnis-inklusion.de\/index.php?rest_route=\/wp\/v2\/posts\/701\/revisions"}],"predecessor-version":[{"id":736,"href":"https:\/\/buendnis-inklusion.de\/index.php?rest_route=\/wp\/v2\/posts\/701\/revisions\/736"}],"wp:attachment":[{"href":"https:\/\/buendnis-inklusion.de\/index.php?rest_route=%2Fwp%2Fv2%2Fmedia&parent=701"}],"wp:term":[{"taxonomy":"category","embeddable":true,"href":"https:\/\/buendnis-inklusion.de\/index.php?rest_route=%2Fwp%2Fv2%2Fcategories&post=701"},{"taxonomy":"post_tag","embeddable":true,"href":"https:\/\/buendnis-inklusion.de\/index.php?rest_route=%2Fwp%2Fv2%2Ftags&post=701"}],"curies":[{"name":"wp","href":"https:\/\/api.w.org\/{rel}","templated":true}]}}