{"id":947,"date":"2017-09-17T17:31:06","date_gmt":"2017-09-17T15:31:06","guid":{"rendered":"http:\/\/buendnis-inklusion.de\/?p=947"},"modified":"2017-09-17T17:31:06","modified_gmt":"2017-09-17T15:31:06","slug":"veranstaltungshinweis-premiere-des-dokumentarfilms-schule-schule-die-zeit-nach-berg-fidel","status":"publish","type":"post","link":"https:\/\/buendnis-inklusion.de\/?p=947","title":{"rendered":"Veranstaltungshinweis: Premiere des Dokumentarfilms \u201eSCHULE, SCHULE \u2013 Die Zeit nach Berg Fidel\u201c"},"content":{"rendered":"<p>Am 19. September um 19 Uhr findet die Premiere des Dokumentarfilms \u201eSCHULE, SCHULE \u2013 Die Zeit nach Berg Fidel\u201c im Hamburger Studio Kino statt. Die Regisseurin Hella Wenders wird anwesend sein. Ab dem 21.9. wird der Film dann regul\u00e4r im Kino Koralle und auch voraussichtlich im Studio Kino anlaufen.<\/p>\n<p>David, Jakob, Anita und Samira haben an der inklusiven Grundschule &#8222;Berg Fidel&#8220; in altersgemischten Klassen gelernt. Die eine oder andere Beeintr\u00e4chtigung spielte dabei keine gro\u00dfe Rolle. Nach der vierten Klasse mussten sie sich trennen und auf unterschiedliche weiterf\u00fchrende Schulen wechseln. Diesen Wechsel und wie die Jugendlichen die weiterf\u00fchrenden Schulen erleben, begleitete Hella Wenders mit der Kamera.<\/p>\n<p>Hier der Trailer:\u00a0http:\/\/www.realfictionfilme.de\/filme\/schule-schule-die-zeit-nach-berg-fidel\/index.php<\/p>\n<p>Im Anschluss an die Premiere am 19.9. sollen in einem kurzen Gespr\u00e4chskreis (u.a. mit der Bundesvorsitzenden des Verbandes der Sonderp\u00e4dagogen Dr. Angela Ehlers) der Film ausgewertet und Erfahrungen zur \u00dcbergangssituation von der Grundschule in die weiterf\u00fchrende Schule speziell von Kinder mit Beeintr\u00e4chtigungen ausgetauscht werden.<\/p>\n<p>Karten f\u00fcr die Premiere k\u00f6nnen online reserviert oder bestellt werden auf der Webseite des Studio-Kino Hamburg:\u00a0https:\/\/www.studio-kino.de\/?inhalt=tickets.inc<\/p>\n<p>Eine sehr lesenswerte Filmrezension von Dr. Brigitte Schumann finden Sie\u00a0hier:<\/p>\n<p><a href=\"https:\/\/bildungsklick.de\/schule\/meldung\/schule-schule-der-film-nach-berg-fidel\/\">https:\/\/bildungsklick.de\/schule\/meldung\/schule-schule-der-film-nach-berg-fidel\/<\/a><\/p>\n<p>Das Studio Kino ist barrierefrei zug\u00e4nglich. Leider ist noch nicht klar, ob der Film mit Untertiteln gezeigt werden kann.<\/p>\n","protected":false},"excerpt":{"rendered":"<p>Am 19. September um 19 Uhr findet die Premiere des Dokumentarfilms \u201eSCHULE, SCHULE \u2013 Die Zeit nach Berg Fidel\u201c im Hamburger Studio Kino statt. Die Regisseurin Hella Wenders wird anwesend sein. Ab dem 21.9. wird der Film dann regul\u00e4r im Kino Koralle und auch voraussichtlich im Studio Kino anlaufen. David, Jakob, Anita und Samira haben [&hellip;]<\/p>\n","protected":false},"author":1,"featured_media":0,"comment_status":"open","ping_status":"open","sticky":false,"template":"","format":"standard","meta":{"footnotes":""},"categories":[1],"tags":[],"_links":{"self":[{"href":"https:\/\/buendnis-inklusion.de\/index.php?rest_route=\/wp\/v2\/posts\/947"}],"collection":[{"href":"https:\/\/buendnis-inklusion.de\/index.php?rest_route=\/wp\/v2\/posts"}],"about":[{"href":"https:\/\/buendnis-inklusion.de\/index.php?rest_route=\/wp\/v2\/types\/post"}],"author":[{"embeddable":true,"href":"https:\/\/buendnis-inklusion.de\/index.php?rest_route=\/wp\/v2\/users\/1"}],"replies":[{"embeddable":true,"href":"https:\/\/buendnis-inklusion.de\/index.php?rest_route=%2Fwp%2Fv2%2Fcomments&post=947"}],"version-history":[{"count":1,"href":"https:\/\/buendnis-inklusion.de\/index.php?rest_route=\/wp\/v2\/posts\/947\/revisions"}],"predecessor-version":[{"id":948,"href":"https:\/\/buendnis-inklusion.de\/index.php?rest_route=\/wp\/v2\/posts\/947\/revisions\/948"}],"wp:attachment":[{"href":"https:\/\/buendnis-inklusion.de\/index.php?rest_route=%2Fwp%2Fv2%2Fmedia&parent=947"}],"wp:term":[{"taxonomy":"category","embeddable":true,"href":"https:\/\/buendnis-inklusion.de\/index.php?rest_route=%2Fwp%2Fv2%2Fcategories&post=947"},{"taxonomy":"post_tag","embeddable":true,"href":"https:\/\/buendnis-inklusion.de\/index.php?rest_route=%2Fwp%2Fv2%2Ftags&post=947"}],"curies":[{"name":"wp","href":"https:\/\/api.w.org\/{rel}","templated":true}]}}