{"id":963,"date":"2017-10-13T09:03:45","date_gmt":"2017-10-13T07:03:45","guid":{"rendered":"http:\/\/buendnis-inklusion.de\/?p=963"},"modified":"2017-10-13T09:04:38","modified_gmt":"2017-10-13T07:04:38","slug":"groesste-hamburger-fachtagung-zur-inklusion-von-schuelerinnen-mit-herausforderndem-verhalten","status":"publish","type":"post","link":"https:\/\/buendnis-inklusion.de\/?p=963","title":{"rendered":"Gr\u00f6\u00dfte Hamburger Fachtagung zur Inklusion von Sch\u00fclerInnen mit herausforderndem Verhalten"},"content":{"rendered":"<p>\u00dcber 600 P\u00e4dagogInnen, TherapeutInnen, Eltern und andere Interessierte beteiligten sich am 6.\/7.10.2017 an der Fachtagung \u201eWie k\u00f6nnen Sch\u00fclerInnen mit herausforderndem Verhalten gemeinsam mit anderen ihre Potentiale entwickeln?\u201c<\/p>\n<p>Die Tagung stand unter der Schirmherrschaft von Frau Ingrid K\u00f6rner, der Senatskoordinatorin f\u00fcr die Gleichstellung behinderter Menschen. Veranstalter waren das Hamburger B\u00fcndnis f\u00fcr schulische Inklusion, die Patriotische Gesellschaft, die GEW, die LAG Eltern f\u00fcr Inklusion und der Fachschaftsrat Lehramt der Universit\u00e4t Hamburg.<\/p>\n<p><strong>Eine der brennendsten Fragen in der Inklusion<\/strong><\/p>\n<p>Diese mit Abstand gr\u00f6\u00dfte Fachtagung zur schulischen Inklusion in Hamburg befasste sich mit einer der brennendsten Fragen in diesem Bereich. Am ersten Tag hielt Christiane Mettlau, Bundesreferentin im Verband Sonderp\u00e4dagogik, in der Universit\u00e4t Hamburg zwei Vortr\u00e4ge \u00fcber \u201eHerausforderndes Verhalten als Ausdruck psychischer Schmerzen\u201c sowie \u00fcber \u201eImpulse der Positive Psychologie f\u00fcr den Umgang mit (ver)st\u00f6rendem Verhalten\u201c. Am folgenden Tag wurden in der Erich K\u00e4stner Schule in 37 Workshops Konzepte und Praxisbeispiele zu dem Tagungsthema bearbeitet.<\/p>\n<p><strong>Fachtagungsreihe wird fortgesetzt<\/strong><\/p>\n<p>Im vergangenen Jahr wurden vom Hamburger B\u00fcndnis f\u00fcr schulische Inklusion gemeinsam mit anderen Organisationen Fachtagungen zu den Themen Sch\u00fclerInnen mit Autismus in der Inklusion sowie Sch\u00fclerInnen mit einer geistigen Behinderung in der Inklusion veranstaltet.<\/p>\n<p>Diese Fachtagungsreihe soll im kommenden Jahr fortgesetzt werden mit dem Thema: \u201eWie k\u00f6nnen Sch\u00fclerInnen mit dem F\u00f6rderschwerpunkt Lernen gemeinsam mit anderen ihre Potentiale entwickeln?\u201c<\/p>\n<p><strong>Die Inklusion ins Zentrum von Schule und Bildungspolitik r\u00fccken<\/strong><\/p>\n<p>hei\u00dft das <a href=\"http:\/\/buendnis-inklusion.de\/?page_id=2\">Memorandum<\/a>, die programmatische Grundlage des Hamburger B\u00fcndnis f\u00fcr schulische Inklusion. Dem 2014 gegr\u00fcndeten B\u00fcndnis geh\u00f6ren 27 Organisationen an \u2013 Elternvereine, Gewerkschaften, schulische Verb\u00e4nde, Eltern-, Sch\u00fclerInnen- und Lehrerkammer.<\/p>\n<p>Diese Pressemitteilung als pdf: <a href=\"http:\/\/buendnis-inklusion.de\/wp-content\/uploads\/2017\/10\/Pressemitteilung_Fachtagung_6-7.10.17.pdf\">Pressemitteilung_Fachtagung_6-7.10.17<\/a><\/p>\n","protected":false},"excerpt":{"rendered":"<p>\u00dcber 600 P\u00e4dagogInnen, TherapeutInnen, Eltern und andere Interessierte beteiligten sich am 6.\/7.10.2017 an der Fachtagung \u201eWie k\u00f6nnen Sch\u00fclerInnen mit herausforderndem Verhalten gemeinsam mit anderen ihre Potentiale entwickeln?\u201c Die Tagung stand unter der Schirmherrschaft von Frau Ingrid K\u00f6rner, der Senatskoordinatorin f\u00fcr die Gleichstellung behinderter Menschen. Veranstalter waren das Hamburger B\u00fcndnis f\u00fcr schulische Inklusion, die Patriotische Gesellschaft, [&hellip;]<\/p>\n","protected":false},"author":1,"featured_media":0,"comment_status":"open","ping_status":"open","sticky":false,"template":"","format":"standard","meta":{"footnotes":""},"categories":[1],"tags":[],"_links":{"self":[{"href":"https:\/\/buendnis-inklusion.de\/index.php?rest_route=\/wp\/v2\/posts\/963"}],"collection":[{"href":"https:\/\/buendnis-inklusion.de\/index.php?rest_route=\/wp\/v2\/posts"}],"about":[{"href":"https:\/\/buendnis-inklusion.de\/index.php?rest_route=\/wp\/v2\/types\/post"}],"author":[{"embeddable":true,"href":"https:\/\/buendnis-inklusion.de\/index.php?rest_route=\/wp\/v2\/users\/1"}],"replies":[{"embeddable":true,"href":"https:\/\/buendnis-inklusion.de\/index.php?rest_route=%2Fwp%2Fv2%2Fcomments&post=963"}],"version-history":[{"count":1,"href":"https:\/\/buendnis-inklusion.de\/index.php?rest_route=\/wp\/v2\/posts\/963\/revisions"}],"predecessor-version":[{"id":965,"href":"https:\/\/buendnis-inklusion.de\/index.php?rest_route=\/wp\/v2\/posts\/963\/revisions\/965"}],"wp:attachment":[{"href":"https:\/\/buendnis-inklusion.de\/index.php?rest_route=%2Fwp%2Fv2%2Fmedia&parent=963"}],"wp:term":[{"taxonomy":"category","embeddable":true,"href":"https:\/\/buendnis-inklusion.de\/index.php?rest_route=%2Fwp%2Fv2%2Fcategories&post=963"},{"taxonomy":"post_tag","embeddable":true,"href":"https:\/\/buendnis-inklusion.de\/index.php?rest_route=%2Fwp%2Fv2%2Ftags&post=963"}],"curies":[{"name":"wp","href":"https:\/\/api.w.org\/{rel}","templated":true}]}}