{"id":969,"date":"2017-10-13T09:29:17","date_gmt":"2017-10-13T07:29:17","guid":{"rendered":"http:\/\/buendnis-inklusion.de\/?p=969"},"modified":"2017-10-20T17:57:24","modified_gmt":"2017-10-20T15:57:24","slug":"materialien-zur-fachtagung","status":"publish","type":"post","link":"https:\/\/buendnis-inklusion.de\/?p=969","title":{"rendered":"Materialien zur Fachtagung"},"content":{"rendered":"<p>Vertrauensforschung und der Umgang mit herausforderndem Verhalten. Vortrag von PD Thomas M\u00fcller <a href=\"http:\/\/buendnis-inklusion.de\/wp-content\/uploads\/2017\/10\/Vertrauen-Ambivalenz-eines-p\u00e4dagogischen-Selbstverst\u00e4ndnisses-1.pdf\">als pdf<\/a><\/p>\n<p>Positive Psychologie und der p\u00e4dagogische Bezug &#8211; Impulse f\u00fcr den Umgang mit (ver)st\u00f6rendem Verhalten. Workshop von Christiane Mettlau <a href=\"http:\/\/buendnis-inklusion.de\/wp-content\/uploads\/2017\/10\/Positive-Psychologie_Mettlau_7.10.17.pdf\">als pdf<\/a><\/p>\n<p>Zum Vortrag von Prof. G\u00fcnther Opp ist sein Fachartikel &#8222;Schmerzbasiertes Verhalten &#8211; eine paradoxe p\u00e4dagogische Herausforderung&#8220; (Zeitschrift f\u00fcr Heilp\u00e4dagogik 68\/2017, S. 22-30) online \u00fcber die Seite der Zeitschrift verf\u00fcgbar (Bezahlangebot\/externer Link): <a href=\"http:\/\/www.verband-sonderpaedagogik.de\/zeitschrift\/zfh-artikel.html?zfhid=35283\">http:\/\/www.verband-sonderpaedagogik.de\/zeitschrift\/zfh-artikel.html?zfhid=35283 <\/a><\/p>\n","protected":false},"excerpt":{"rendered":"<p>Vertrauensforschung und der Umgang mit herausforderndem Verhalten. Vortrag von PD Thomas M\u00fcller als pdf Positive Psychologie und der p\u00e4dagogische Bezug &#8211; Impulse f\u00fcr den Umgang mit (ver)st\u00f6rendem Verhalten. Workshop von Christiane Mettlau als pdf Zum Vortrag von Prof. G\u00fcnther Opp ist sein Fachartikel &#8222;Schmerzbasiertes Verhalten &#8211; eine paradoxe p\u00e4dagogische Herausforderung&#8220; (Zeitschrift f\u00fcr Heilp\u00e4dagogik 68\/2017, S. [&hellip;]<\/p>\n","protected":false},"author":1,"featured_media":0,"comment_status":"open","ping_status":"open","sticky":false,"template":"","format":"standard","meta":{"footnotes":""},"categories":[1],"tags":[],"_links":{"self":[{"href":"https:\/\/buendnis-inklusion.de\/index.php?rest_route=\/wp\/v2\/posts\/969"}],"collection":[{"href":"https:\/\/buendnis-inklusion.de\/index.php?rest_route=\/wp\/v2\/posts"}],"about":[{"href":"https:\/\/buendnis-inklusion.de\/index.php?rest_route=\/wp\/v2\/types\/post"}],"author":[{"embeddable":true,"href":"https:\/\/buendnis-inklusion.de\/index.php?rest_route=\/wp\/v2\/users\/1"}],"replies":[{"embeddable":true,"href":"https:\/\/buendnis-inklusion.de\/index.php?rest_route=%2Fwp%2Fv2%2Fcomments&post=969"}],"version-history":[{"count":6,"href":"https:\/\/buendnis-inklusion.de\/index.php?rest_route=\/wp\/v2\/posts\/969\/revisions"}],"predecessor-version":[{"id":984,"href":"https:\/\/buendnis-inklusion.de\/index.php?rest_route=\/wp\/v2\/posts\/969\/revisions\/984"}],"wp:attachment":[{"href":"https:\/\/buendnis-inklusion.de\/index.php?rest_route=%2Fwp%2Fv2%2Fmedia&parent=969"}],"wp:term":[{"taxonomy":"category","embeddable":true,"href":"https:\/\/buendnis-inklusion.de\/index.php?rest_route=%2Fwp%2Fv2%2Fcategories&post=969"},{"taxonomy":"post_tag","embeddable":true,"href":"https:\/\/buendnis-inklusion.de\/index.php?rest_route=%2Fwp%2Fv2%2Ftags&post=969"}],"curies":[{"name":"wp","href":"https:\/\/api.w.org\/{rel}","templated":true}]}}