{"id":974,"date":"2017-10-19T22:45:19","date_gmt":"2017-10-19T20:45:19","guid":{"rendered":"http:\/\/buendnis-inklusion.de\/?p=974"},"modified":"2017-10-19T23:31:48","modified_gmt":"2017-10-19T21:31:48","slug":"grusswort-zur-fachtagung-von-frau-koerner","status":"publish","type":"post","link":"https:\/\/buendnis-inklusion.de\/?p=974","title":{"rendered":"Gru\u00dfwort zur Fachtagung von Frau K\u00f6rner"},"content":{"rendered":"<p>Die Fachtagung stand unter der Schirmherrschaft von Ingrid K\u00f6rner, der Senatskoordinatorin f\u00fcr die Gleichstellung behinderter Menschen der Freien und Hansestadt Hamburg. In ihrem Gru\u00dfwort bezog sie sich auf die Einf\u00fchrung erster inklusiver Klassen in Hamburg vor \u00fcber 30 Jahren und betonte u. a., dass Inklusion die richtigen Methoden und Kenntnisse brauche, um gelingen zu k\u00f6nnen.<\/p>\n<p>Das gesamte Gru\u00dfwort als pdf finden Sie <a href=\"http:\/\/buendnis-inklusion.de\/wp-content\/uploads\/2017\/10\/Gru\u00dfwort-K\u00f6rner.pdf\">hier<\/a>.<\/p>\n<p>&nbsp;<\/p>\n","protected":false},"excerpt":{"rendered":"<p>Die Fachtagung stand unter der Schirmherrschaft von Ingrid K\u00f6rner, der Senatskoordinatorin f\u00fcr die Gleichstellung behinderter Menschen der Freien und Hansestadt Hamburg. In ihrem Gru\u00dfwort bezog sie sich auf die Einf\u00fchrung erster inklusiver Klassen in Hamburg vor \u00fcber 30 Jahren und betonte u. a., dass Inklusion die richtigen Methoden und Kenntnisse brauche, um gelingen zu k\u00f6nnen. [&hellip;]<\/p>\n","protected":false},"author":1,"featured_media":0,"comment_status":"open","ping_status":"open","sticky":false,"template":"","format":"standard","meta":{"footnotes":""},"categories":[1],"tags":[],"_links":{"self":[{"href":"https:\/\/buendnis-inklusion.de\/index.php?rest_route=\/wp\/v2\/posts\/974"}],"collection":[{"href":"https:\/\/buendnis-inklusion.de\/index.php?rest_route=\/wp\/v2\/posts"}],"about":[{"href":"https:\/\/buendnis-inklusion.de\/index.php?rest_route=\/wp\/v2\/types\/post"}],"author":[{"embeddable":true,"href":"https:\/\/buendnis-inklusion.de\/index.php?rest_route=\/wp\/v2\/users\/1"}],"replies":[{"embeddable":true,"href":"https:\/\/buendnis-inklusion.de\/index.php?rest_route=%2Fwp%2Fv2%2Fcomments&post=974"}],"version-history":[{"count":2,"href":"https:\/\/buendnis-inklusion.de\/index.php?rest_route=\/wp\/v2\/posts\/974\/revisions"}],"predecessor-version":[{"id":980,"href":"https:\/\/buendnis-inklusion.de\/index.php?rest_route=\/wp\/v2\/posts\/974\/revisions\/980"}],"wp:attachment":[{"href":"https:\/\/buendnis-inklusion.de\/index.php?rest_route=%2Fwp%2Fv2%2Fmedia&parent=974"}],"wp:term":[{"taxonomy":"category","embeddable":true,"href":"https:\/\/buendnis-inklusion.de\/index.php?rest_route=%2Fwp%2Fv2%2Fcategories&post=974"},{"taxonomy":"post_tag","embeddable":true,"href":"https:\/\/buendnis-inklusion.de\/index.php?rest_route=%2Fwp%2Fv2%2Ftags&post=974"}],"curies":[{"name":"wp","href":"https:\/\/api.w.org\/{rel}","templated":true}]}}