{"id":988,"date":"2017-11-14T16:32:13","date_gmt":"2017-11-14T14:32:13","guid":{"rendered":"http:\/\/buendnis-inklusion.de\/?p=988"},"modified":"2017-11-14T16:32:13","modified_gmt":"2017-11-14T14:32:13","slug":"flashmob-schule-fuer-alle-bunt-fuer-das-leben","status":"publish","type":"post","link":"https:\/\/buendnis-inklusion.de\/?p=988","title":{"rendered":"Flashmob &#8222;Schule f\u00fcr Alle, Bunt f\u00fcr das Leben&#8220;"},"content":{"rendered":"<p>Die Organisation &#8222;Schule f\u00fcr alle&#8220; l\u00e4dt ein zu einem <span style=\"color: #ff0000;\">bunten<\/span> <span style=\"color: #339966;\">Flashmob<\/span> mit der Botschaft<br \/>\n\u201eSchule f\u00fcr Alle, Bunt f\u00fcr das Leben\u201c am Montag, den 20. November 2017 um 16.30<br \/>\nauf dem Hamburger Rathausmarkt.<\/p>\n<p>N\u00e4here Informationen auf der<a href=\"http:\/\/www.schule-fuer-alle.com\/?portfolio=aktionstag\"> Webseite von &#8222;Schule f\u00fcr alle&#8220;.<\/a><\/p>\n","protected":false},"excerpt":{"rendered":"<p>Die Organisation &#8222;Schule f\u00fcr alle&#8220; l\u00e4dt ein zu einem bunten Flashmob mit der Botschaft \u201eSchule f\u00fcr Alle, Bunt f\u00fcr das Leben\u201c am Montag, den 20. November 2017 um 16.30 auf dem Hamburger Rathausmarkt. N\u00e4here Informationen auf der Webseite von &#8222;Schule f\u00fcr alle&#8220;.<\/p>\n","protected":false},"author":1,"featured_media":0,"comment_status":"open","ping_status":"open","sticky":false,"template":"","format":"standard","meta":{"footnotes":""},"categories":[1],"tags":[],"_links":{"self":[{"href":"https:\/\/buendnis-inklusion.de\/index.php?rest_route=\/wp\/v2\/posts\/988"}],"collection":[{"href":"https:\/\/buendnis-inklusion.de\/index.php?rest_route=\/wp\/v2\/posts"}],"about":[{"href":"https:\/\/buendnis-inklusion.de\/index.php?rest_route=\/wp\/v2\/types\/post"}],"author":[{"embeddable":true,"href":"https:\/\/buendnis-inklusion.de\/index.php?rest_route=\/wp\/v2\/users\/1"}],"replies":[{"embeddable":true,"href":"https:\/\/buendnis-inklusion.de\/index.php?rest_route=%2Fwp%2Fv2%2Fcomments&post=988"}],"version-history":[{"count":1,"href":"https:\/\/buendnis-inklusion.de\/index.php?rest_route=\/wp\/v2\/posts\/988\/revisions"}],"predecessor-version":[{"id":989,"href":"https:\/\/buendnis-inklusion.de\/index.php?rest_route=\/wp\/v2\/posts\/988\/revisions\/989"}],"wp:attachment":[{"href":"https:\/\/buendnis-inklusion.de\/index.php?rest_route=%2Fwp%2Fv2%2Fmedia&parent=988"}],"wp:term":[{"taxonomy":"category","embeddable":true,"href":"https:\/\/buendnis-inklusion.de\/index.php?rest_route=%2Fwp%2Fv2%2Fcategories&post=988"},{"taxonomy":"post_tag","embeddable":true,"href":"https:\/\/buendnis-inklusion.de\/index.php?rest_route=%2Fwp%2Fv2%2Ftags&post=988"}],"curies":[{"name":"wp","href":"https:\/\/api.w.org\/{rel}","templated":true}]}}