{"id":990,"date":"2017-11-14T16:36:57","date_gmt":"2017-11-14T14:36:57","guid":{"rendered":"http:\/\/buendnis-inklusion.de\/?p=990"},"modified":"2017-11-14T16:46:23","modified_gmt":"2017-11-14T14:46:23","slug":"uebergaenge-auswertung-der-elternumfrage-der-elbschuleltern","status":"publish","type":"post","link":"https:\/\/buendnis-inklusion.de\/?p=990","title":{"rendered":"\u00dcberg\u00e4nge &#8211; Auswertung der Elternumfrage der Elbschuleltern"},"content":{"rendered":"<p>Die Elbschuleltern wollten wissen, wie<\/p>\n<ul>\n<li><span id=\"txt-989285-53884761-1\" class=\"editableTextarea\">wie Eltern die Phase der Schulauswahl und des Schul\u00fcbergangs erlebt haben und<\/span><\/li>\n<li><span id=\"txt-989285-53884761-1\" class=\"editableTextarea\">wie die \u00dcberg\u00e4nge f\u00fcr ihre Kinder mit sonderp\u00e4dagogischem F\u00f6rderbedarf gestaltet werden.<\/span><\/li>\n<\/ul>\n<p>Die Ergebnisse der Umfrage finden Sie auf der <a href=\"http:\/\/elbschul-eltern.de\/ergebnisse-uebergaenge\/\">Homepage der Elbschuleltern.<\/a><\/p>\n","protected":false},"excerpt":{"rendered":"<p>Die Elbschuleltern wollten wissen, wie wie Eltern die Phase der Schulauswahl und des Schul\u00fcbergangs erlebt haben und wie die \u00dcberg\u00e4nge f\u00fcr ihre Kinder mit sonderp\u00e4dagogischem F\u00f6rderbedarf gestaltet werden. Die Ergebnisse der Umfrage finden Sie auf der Homepage der Elbschuleltern.<\/p>\n","protected":false},"author":1,"featured_media":0,"comment_status":"open","ping_status":"open","sticky":false,"template":"","format":"standard","meta":{"footnotes":""},"categories":[1],"tags":[],"_links":{"self":[{"href":"https:\/\/buendnis-inklusion.de\/index.php?rest_route=\/wp\/v2\/posts\/990"}],"collection":[{"href":"https:\/\/buendnis-inklusion.de\/index.php?rest_route=\/wp\/v2\/posts"}],"about":[{"href":"https:\/\/buendnis-inklusion.de\/index.php?rest_route=\/wp\/v2\/types\/post"}],"author":[{"embeddable":true,"href":"https:\/\/buendnis-inklusion.de\/index.php?rest_route=\/wp\/v2\/users\/1"}],"replies":[{"embeddable":true,"href":"https:\/\/buendnis-inklusion.de\/index.php?rest_route=%2Fwp%2Fv2%2Fcomments&post=990"}],"version-history":[{"count":1,"href":"https:\/\/buendnis-inklusion.de\/index.php?rest_route=\/wp\/v2\/posts\/990\/revisions"}],"predecessor-version":[{"id":991,"href":"https:\/\/buendnis-inklusion.de\/index.php?rest_route=\/wp\/v2\/posts\/990\/revisions\/991"}],"wp:attachment":[{"href":"https:\/\/buendnis-inklusion.de\/index.php?rest_route=%2Fwp%2Fv2%2Fmedia&parent=990"}],"wp:term":[{"taxonomy":"category","embeddable":true,"href":"https:\/\/buendnis-inklusion.de\/index.php?rest_route=%2Fwp%2Fv2%2Fcategories&post=990"},{"taxonomy":"post_tag","embeddable":true,"href":"https:\/\/buendnis-inklusion.de\/index.php?rest_route=%2Fwp%2Fv2%2Ftags&post=990"}],"curies":[{"name":"wp","href":"https:\/\/api.w.org\/{rel}","templated":true}]}}